{"id":194016,"date":"2022-01-21T17:17:52","date_gmt":"2022-01-21T20:17:52","guid":{"rendered":"https:\/\/diarioregionaldigital.com.br\/?p=194016"},"modified":"2022-01-21T17:17:52","modified_gmt":"2022-01-21T20:17:52","slug":"nikao-se-diz-pronto-para-missao-de-assumir-a-camisa-10-do-sao-paulo","status":"publish","type":"post","link":"https:\/\/diarioregionaldigital.com.br\/?p=194016","title":{"rendered":"Nik\u00e3o se diz pronto para miss\u00e3o de assumir a camisa 10 do S\u00e3o Paulo"},"content":{"rendered":"<p>A camisa 10 do S\u00e3o Paulo, que j\u00e1 foi\u00a0de \u00eddolos como\u00a0Ra\u00ed, Pita, Pedro Rocha, Zizinho e Hernanes, agora pertence a Nik\u00e3o. Apresentado nesta\u00a0quinta-feira (20) como novo refor\u00e7o tricolor, o meia-atacante deixou claro que est\u00e1 ciente da responsabilidade que\u00a0ter\u00e1 pela frente.<\/p>\n<p>&#8220;\u00c9 uma camisa com uma hist\u00f3ria grande, mas venho para c\u00e1 fazer meu trabalho. \u00c9 um clube com uma torcida apaixonante, de uma representatividade muito grande. Aprendi uma frase que levo para a vida: quanto mais \u00e9 dado, mais \u00e9 cobrado&#8221;, declarou o jogador,\u00a0em entrevista coletiva no centro de treinamentos do clube, na Barra Funda, zona oeste da capital paulista.<\/p>\n<p>Nik\u00e3o era \u00eddolo no Athletico-PR, onde atuou por seis anos e foi bicampe\u00e3o da Copa Sul-Americana, al\u00e9m de tamb\u00e9m vencer a Copa do Brasil. No S\u00e3o Paulo, ele ter\u00e1 de escrever uma nova hist\u00f3ria. N\u00e3o que ele j\u00e1 n\u00e3o tenha feito isso durante a vida &#8211; inclusive fora do futebol.<\/p>\n<p>&#8220;Perdi minha m\u00e3e aos oito anos, com c\u00e2ncer. Aos 16, perdi a v\u00f3 que me criou, de infarto. Com 23, perdi meu irm\u00e3o em um acidente. N\u00e3o conhe\u00e7o meu pai at\u00e9 hoje. Passei por muitas dificuldades e lutas, mas Deus esteve me sustentando e me deu uma fam\u00edlia, uma esposa, filhos lindos. S\u00f3 tenho a agradecer por vivenciar este grande momento e estar em um clube deste tamanho&#8221;, afirmou.<\/p>\n<p>Com tr\u00eas anos de contrato, Nik\u00e3o deve come\u00e7ar a jornada como atleta do S\u00e3o Paulo na pr\u00f3xima quarta-feira (26), \u00e0s 19h (hor\u00e1rio de Bras\u00edlia), contra o Santo Andr\u00e9, no Morumbi, pela primeira rodada do Campeonato Paulista. Ele \u00e9 um dos cinco refor\u00e7os trazidos pelo Tricolor para 2022. Al\u00e9m do meia-atacante, chegaram o goleiro Jandrei, o lateral Rafinha e os meias Alisson e Patrick.<\/p>\n<p><span style=\"font-weight: 400;\">Fonte: Ag\u00eancia Brasil <\/span><\/p>\n","protected":false},"excerpt":{"rendered":"<p>A camisa 10 do S\u00e3o Paulo, que j\u00e1 foi\u00a0de \u00eddolos como\u00a0Ra\u00ed, Pita, Pedro Rocha, Zizinho e Hernanes, agora pertence a Nik\u00e3o. Apresentado nesta\u00a0quinta-feira (20) como novo refor\u00e7o tricolor, o meia-atacante deixou claro que est\u00e1 ciente da responsabilidade que\u00a0ter\u00e1 pela frente. &#8220;\u00c9 uma camisa com uma hist\u00f3ria grande, mas venho para c\u00e1 fazer meu trabalho. \u00c9 [&hellip;]<\/p>\n","protected":false},"author":246,"featured_media":194017,"comment_status":"closed","ping_status":"closed","sticky":false,"template":"","format":"standard","meta":{"footnotes":""},"categories":[436,257,439],"tags":[],"class_list":["post-194016","post","type-post","status-publish","format-standard","has-post-thumbnail","hentry","category-destaque-da-semana","category-esporte","category-ultima-hora"],"_links":{"self":[{"href":"https:\/\/diarioregionaldigital.com.br\/index.php?rest_route=\/wp\/v2\/posts\/194016","targetHints":{"allow":["GET"]}}],"collection":[{"href":"https:\/\/diarioregionaldigital.com.br\/index.php?rest_route=\/wp\/v2\/posts"}],"about":[{"href":"https:\/\/diarioregionaldigital.com.br\/index.php?rest_route=\/wp\/v2\/types\/post"}],"author":[{"embeddable":true,"href":"https:\/\/diarioregionaldigital.com.br\/index.php?rest_route=\/wp\/v2\/users\/246"}],"replies":[{"embeddable":true,"href":"https:\/\/diarioregionaldigital.com.br\/index.php?rest_route=%2Fwp%2Fv2%2Fcomments&post=194016"}],"version-history":[{"count":1,"href":"https:\/\/diarioregionaldigital.com.br\/index.php?rest_route=\/wp\/v2\/posts\/194016\/revisions"}],"predecessor-version":[{"id":194018,"href":"https:\/\/diarioregionaldigital.com.br\/index.php?rest_route=\/wp\/v2\/posts\/194016\/revisions\/194018"}],"wp:featuredmedia":[{"embeddable":true,"href":"https:\/\/diarioregionaldigital.com.br\/index.php?rest_route=\/wp\/v2\/media\/194017"}],"wp:attachment":[{"href":"https:\/\/diarioregionaldigital.com.br\/index.php?rest_route=%2Fwp%2Fv2%2Fmedia&parent=194016"}],"wp:term":[{"taxonomy":"category","embeddable":true,"href":"https:\/\/diarioregionaldigital.com.br\/index.php?rest_route=%2Fwp%2Fv2%2Fcategories&post=194016"},{"taxonomy":"post_tag","embeddable":true,"href":"https:\/\/diarioregionaldigital.com.br\/index.php?rest_route=%2Fwp%2Fv2%2Ftags&post=194016"}],"curies":[{"name":"wp","href":"https:\/\/api.w.org\/{rel}","templated":true}]}}