{"id":194010,"date":"2022-01-21T17:13:31","date_gmt":"2022-01-21T20:13:31","guid":{"rendered":"https:\/\/diarioregionaldigital.com.br\/?p=194010"},"modified":"2022-01-21T17:13:31","modified_gmt":"2022-01-21T20:13:31","slug":"brasil-passa-a-ter-dois-lideres-de-ranking-mundial-no-parataekwondo","status":"publish","type":"post","link":"https:\/\/diarioregionaldigital.com.br\/?p=194010","title":{"rendered":"Brasil passa a ter dois l\u00edderes de ranking mundial no parataekwondo"},"content":{"rendered":"<p>O Brasil tem dois medalhistas paral\u00edmpicos no topo dos respectivos pesos nos rankings mundiais da\u00a0World Taekwondo, a federa\u00e7\u00e3o internacional da modalidade. A paraibana Silvana Fernandes aparece na lideran\u00e7a da categoria at\u00e9 57 quilos na classe K44 (atletas com amputa\u00e7\u00e3o unilateral do cotovelo at\u00e9 a articula\u00e7\u00e3o da m\u00e3o), enquanto Nathan Torquato encabe\u00e7a a rela\u00e7\u00e3o dos lutadores at\u00e9 63 quilos, tamb\u00e9m na K44. A lista foi atualizada na\u00a0quarta-feira (19) e divulgada nesta\u00a0quinta-feira (20).<img decoding=\"async\" src=\"https:\/\/agenciabrasil.ebc.com.br\/ebc.png?id=1437898&amp;o=node\" \/><img decoding=\"async\" src=\"https:\/\/agenciabrasil.ebc.com.br\/ebc.gif?id=1437898&amp;o=node\" \/><\/p>\n<p>At\u00e9 o ano passado, os rankings da World Taekwondo contemplavam seis categorias da K44 (tr\u00eas por g\u00eanero) que tiveram disputa na Paralimp\u00edada de T\u00f3quio (Jap\u00e3o): at\u00e9 61 quilos, at\u00e9 75 quilos e acima de 75 quilos no masculino; at\u00e9 49 quilos, at\u00e9 58 quilos e acima de 58 quilos no feminino. A partir do ciclo de Paris (Fran\u00e7a), a classe passou a\u00a0ter\u00a0dez pesos (cinco para homens, cinco para mulheres). Ap\u00f3s os Jogos no Jap\u00e3o, os atletas migraram para as novas divis\u00f5es, que j\u00e1 valeram no Campeonato Mundial de Istambul (Turquia), em dezembro.<\/p>\n<p>Campe\u00e3 mundial e medalhista de bronze em T\u00f3quio, Silvana estava\u00a0em terceiro lugar na categoria at\u00e9 58 quilos. Na lista do novo peso, a paraibana aparece na ponta,\u00a0\u00e0 frente da turca Gamze Gurdal, a quem bateu na final da competi\u00e7\u00e3o em Istambul e na disputa pelo terceiro lugar paral\u00edmpico.<\/p>\n<p>&#8220;Tinha consci\u00eancia que se conseguisse a medalha de ouro em Istambul assumiria a ponta do ranking. Ent\u00e3o, coloquei como meta essa medalha tamb\u00e9m por conta do ranking. Venho colhendo v\u00e1rios frutos de muito trabalho. O objetivo e o foco aumentam para esta temporada j\u00e1 pensando em Paris&#8221;,\u00a0declarou\u00a0Silvana, ao site da Confedera\u00e7\u00e3o Brasileira de Taekwondo (CBTkd).<\/p>\n<p>Nathan j\u00e1 era o n\u00famero um dos lutadores at\u00e9 61 quilos, peso no qual foi medalhista de ouro em T\u00f3quio. O paulista, bronze no Mundial e eleito o melhor\u00a0do mundo no parataekwondo masculino em 2021, segue na dianteira, agora na categoria at\u00e9 63 quilos, \u00e0 frente do mongol Bolor Ganbat, quatro vezes campe\u00e3o do mundo.<\/p>\n<p>Mais tr\u00eas atletas do Brasil &#8211; todas medalhistas de bronze no Mundial &#8211; aparecem entre as cinco melhores dos respectivos pesos. A paranaense Debora Menezes, prata em T\u00f3quio, \u00e9 a vice-l\u00edder da categoria acima de 65 quilos, mantendo-se no posto que ocupava entre as lutadoras acima de 58 quilos. A potiguar Cristhiane Nascimento, que era a\u00a0sexta\u00a0da categoria at\u00e9 58 quilos,\u00a0figura em terceiro na lista at\u00e9 52 quilos.\u00a0A amapaense Leyliane Ramos tamb\u00e9m est\u00e1 em terceiro na categoria at\u00e9 65 quilos. Em 2021, ela\u00a0foi a\u00a012\u00aa no ranking at\u00e9 58 quilos.<\/p>\n<p>&#8220;O parataekwondo do Brasil vive um momento brilhante. Tivemos um 2021 que entrou para a hist\u00f3ria, com resultados muito expressivos e isso reflete no ranking mundial. Isso mostra que o trabalho feito anos atr\u00e1s est\u00e1 dando frutos&#8221;, celebrou o t\u00e9cnico da sele\u00e7\u00e3o brasileira, Rodrigo Ferla, tamb\u00e9m ao site da CBTkd.<\/p>\n<p>As cinco medalhas conquistadas em Istambul (um ouro, uma prata e tr\u00eas bronzes) foram respons\u00e1veis pelo melhor desempenho da hist\u00f3ria do pa\u00eds em um Mundial de parataekwondo. As tr\u00eas l\u00e1ureas (uma de cada cor) na Paralimp\u00edada de T\u00f3quio colocaram o Brasil no topo do quadro de resultados da modalidade, disputada pela primeira vez nos Jogos.<\/p>\n<p><span style=\"font-weight: 400;\">\u00a0<\/span><span style=\"font-weight: 400;\"><br \/>\n<\/span><span style=\"font-weight: 400;\">Fonte: Ag\u00eancia Brasil <\/span><\/p>\n","protected":false},"excerpt":{"rendered":"<p>O Brasil tem dois medalhistas paral\u00edmpicos no topo dos respectivos pesos nos rankings mundiais da\u00a0World Taekwondo, a federa\u00e7\u00e3o internacional da modalidade. A paraibana Silvana Fernandes aparece na lideran\u00e7a da categoria at\u00e9 57 quilos na classe K44 (atletas com amputa\u00e7\u00e3o unilateral do cotovelo at\u00e9 a articula\u00e7\u00e3o da m\u00e3o), enquanto Nathan Torquato encabe\u00e7a a rela\u00e7\u00e3o dos lutadores [&hellip;]<\/p>\n","protected":false},"author":246,"featured_media":194011,"comment_status":"closed","ping_status":"closed","sticky":false,"template":"","format":"standard","meta":{"footnotes":""},"categories":[436,257,439],"tags":[],"class_list":["post-194010","post","type-post","status-publish","format-standard","has-post-thumbnail","hentry","category-destaque-da-semana","category-esporte","category-ultima-hora"],"_links":{"self":[{"href":"https:\/\/diarioregionaldigital.com.br\/index.php?rest_route=\/wp\/v2\/posts\/194010","targetHints":{"allow":["GET"]}}],"collection":[{"href":"https:\/\/diarioregionaldigital.com.br\/index.php?rest_route=\/wp\/v2\/posts"}],"about":[{"href":"https:\/\/diarioregionaldigital.com.br\/index.php?rest_route=\/wp\/v2\/types\/post"}],"author":[{"embeddable":true,"href":"https:\/\/diarioregionaldigital.com.br\/index.php?rest_route=\/wp\/v2\/users\/246"}],"replies":[{"embeddable":true,"href":"https:\/\/diarioregionaldigital.com.br\/index.php?rest_route=%2Fwp%2Fv2%2Fcomments&post=194010"}],"version-history":[{"count":1,"href":"https:\/\/diarioregionaldigital.com.br\/index.php?rest_route=\/wp\/v2\/posts\/194010\/revisions"}],"predecessor-version":[{"id":194012,"href":"https:\/\/diarioregionaldigital.com.br\/index.php?rest_route=\/wp\/v2\/posts\/194010\/revisions\/194012"}],"wp:featuredmedia":[{"embeddable":true,"href":"https:\/\/diarioregionaldigital.com.br\/index.php?rest_route=\/wp\/v2\/media\/194011"}],"wp:attachment":[{"href":"https:\/\/diarioregionaldigital.com.br\/index.php?rest_route=%2Fwp%2Fv2%2Fmedia&parent=194010"}],"wp:term":[{"taxonomy":"category","embeddable":true,"href":"https:\/\/diarioregionaldigital.com.br\/index.php?rest_route=%2Fwp%2Fv2%2Fcategories&post=194010"},{"taxonomy":"post_tag","embeddable":true,"href":"https:\/\/diarioregionaldigital.com.br\/index.php?rest_route=%2Fwp%2Fv2%2Ftags&post=194010"}],"curies":[{"name":"wp","href":"https:\/\/api.w.org\/{rel}","templated":true}]}}