{"id":194004,"date":"2022-01-21T16:59:46","date_gmt":"2022-01-21T19:59:46","guid":{"rendered":"https:\/\/diarioregionaldigital.com.br\/?p=194004"},"modified":"2022-01-21T16:59:46","modified_gmt":"2022-01-21T19:59:46","slug":"estudantes-da-rede-estadual-conquistam-medalhas-e-mencoes-honrosas-na-olimpiada-brasileira-de-matematica","status":"publish","type":"post","link":"https:\/\/diarioregionaldigital.com.br\/?p=194004","title":{"rendered":"Estudantes da rede estadual conquistam medalhas e men\u00e7\u00f5es honrosas na Olimp\u00edada Brasileira de Matem\u00e1tica"},"content":{"rendered":"<p>Minas Gerais foi destaque na 16\u00aa Olimp\u00edada Brasileira Matem\u00e1tica das Escolas P\u00fablicas (Obmep): 39 estudantes faturaram medalhas de ouro, 153 de prata e 412 de bronze. Outros 4.021 tamb\u00e9m receberam men\u00e7\u00f5es honrosas. Criada para estimular o estudo da matem\u00e1tica no Brasil, identificar jovens talentosos e promover a inclus\u00e3o social por meio da difus\u00e3o do conhecimento, a Obmep divulgou o resultado final da competi\u00e7\u00e3o na ter\u00e7a-feira (18\/1).<\/p>\n<p>Nesta edi\u00e7\u00e3o, houve 17,8 milh\u00f5es de estudantes inscritos, do 6\u00ba ano do ensino fundamental ao 3\u00ba ano do ensino m\u00e9dio, de 53.374 escolas, incluindo institui\u00e7\u00f5es p\u00fablicas e particulares. Foram distribu\u00eddas 575 medalhas de ouro, 1.725 de prata, 5.175 de bronze e 51,9 mil\u00a0certificados de men\u00e7\u00e3o honrosa. Tamb\u00e9m foram premiados professores, escolas e secretarias municipais de Educa\u00e7\u00e3o que se destacaram em virtude do desempenho dos alunos.<\/p>\n<p>Matheus Barreto Ferreira dos Santos e Thiago Barreto Ferreira dos Santos s\u00e3o irm\u00e3os e ambos estudam na Escola Estadual Adelaide Bias Fortes, em Barbacena, na regi\u00e3o do Campo das Vertentes.<\/p>\n<p>Matheus conquistou sua terceira medalha de ouro. \u201c\u00c9 muito gratificante conseguir mais essa medalha e ver a premia\u00e7\u00e3o do meu irm\u00e3o, principalmente durante tempos t\u00e3o complicados de pandemia, que dificultaram o acesso de muitos de nossa regi\u00e3o ao ensino\u201d, afirma.<\/p>\n<p>Seguindo os passos do irm\u00e3o, Thiago, em sua primeira participa\u00e7\u00e3o, conquistou a primeira medalha, tamb\u00e9m de ouro. \u201cEu me inspirei bastante no meu irm\u00e3o para participar, pois, quando mais novo, o via obtendo sucesso e v\u00e1rias premia\u00e7\u00f5es ol\u00edmpicas. Foi muito importante para mim ganhar essa medalha, porque al\u00e9m de todas as oportunidades surgidas, consegui seguir a tradi\u00e7\u00e3o que meu irm\u00e3o me ensinou a buscar\u201d, disse.<\/p>\n<p>Quem tamb\u00e9m faturou medalha logo na\u00a0primeira participa\u00e7\u00e3o\u00a0foi o aluno Gustavo Marques David, da Escola Estadual Presidente Tancredo Neves, em Taiobeiras, no Norte de Minas. Ele ganhou prata e conta sobre sua paix\u00e3o pelos n\u00fameros. \u201cEu me preparei usando provas anteriores e, na escola, me ajudaram a tirar as d\u00favidas que eu tinha. A matem\u00e1tica \u00e9 minha mat\u00e9ria favorita, amo desde que comecei a estudar\u201d.<\/p>\n<p>Em Divin\u00f3polis, no Centro-Oeste mineiro, Marco T\u00falio Pereira Silva, aluno da Escola Estadual Il\u00eddio da Costa Pereira, tamb\u00e9m comemorou sua conquista. \u201cFoi a terceira vez que participei e em todas consegui medalha. Tenho duas de ouro e uma de bronze. Para mim, a matem\u00e1tica \u00e9 muito bonita. Agrade\u00e7o o apoio da minha fam\u00edlia e da escola\u201d, afirmou.<\/p>\n<p aria-hidden=\"true\">\u00a0Na Escola Estadual Jos\u00e9 Manoel, em Ara\u00fajos, tamb\u00e9m do Centro-Oeste, os professores apoiam e incentivam a participa\u00e7\u00e3o dos alunos na Obmep. Francielle Aparecida da Paz \u00e9 ex-aluna da unidade de ensino e fala da felicidade de encerrar sua trajet\u00f3ria na educa\u00e7\u00e3o b\u00e1sica faturando uma medalha na competi\u00e7\u00e3o.<\/p>\n<p>\u201cTer conquistado a medalha nesta edi\u00e7\u00e3o foi incr\u00edvel. Eu consegui perceber minha evolu\u00e7\u00e3o, e tamb\u00e9m foi um jeito muito gostoso de me despedir da escola\u201d, revela. Hoje, Francielle cursa Engenharia Mec\u00e2nica na Universidade Federal de Minas Gerais (UFMG) e conta que at\u00e9 o curso escolhido vem da paix\u00e3o pela matem\u00e1tica.<\/p>\n<p>\u201cGosto da parte mais pr\u00e1tica da matem\u00e1tica. Por isso, escolhi engenharia e participei da Obmep. Os problemas s\u00e3o muito diferentes do que a gente aprende em sala e contribuem para nosso racioc\u00ednio l\u00f3gico, para coisas at\u00e9 fora da matem\u00e1tica\u201d, conclui.<\/p>\n<p><a href=\"http:\/\/premiacao.obmep.org.br\/16aobmep\/mapa.htm\" target=\"_blank\" rel=\"noopener\" data-auth=\"NotApplicable\" data-linkindex=\"1\">Confira aqui a lista de alunos premiados na Obmep<\/a><\/p>\n<p><strong>Escolas destaque<\/strong><\/p>\n<p>Das 33 escolas p\u00fablicas mineiras premiadas pela organiza\u00e7\u00e3o da Olimp\u00edada, 27 s\u00e3o da rede estadual de ensino. A premia\u00e7\u00e3o das escolas est\u00e1 relacionada ao desempenho dos estudantes. As unidades de ensino ser\u00e3o premiadas com diplomas e kits com material did\u00e1tico.<\/p>\n<p>Para Val\u00e9ria Landa Alfaiate Carrijo, diretora da Escola Estadual Madre Maria Blandina, em Araguari, no Tri\u00e2ngulo Mineiro, a premia\u00e7\u00e3o simboliza o reconhecimento de um trabalho s\u00f3lido que a unidade de ensino tem desenvolvido ao longo dos anos.<\/p>\n<p>\u201cAqui na escola motivamos os alunos a gostarem da matem\u00e1tica. Eles chegam aqui no 6\u00ba ano do ensino fundamental e ficam at\u00e9 conclu\u00edrem o ensino m\u00e9dio. Essa premia\u00e7\u00e3o, em um ano at\u00edpico, mostra que o nosso trabalho foi solidificado e est\u00e1 rendendo frutos, mesmo com o distanciamento social\u201d, afirma a gestora. Na escola, a aluna Gabriela Estevam conquistou medalha de bronze.<\/p>\n<p><a href=\"http:\/\/premiacao.obmep.org.br\/16aobmep\/verRelatorioEscolasPremiadas.do.htm\" target=\"_blank\" rel=\"noopener\" data-auth=\"NotApplicable\" data-linkindex=\"2\">Confira aqui a lista completa de escolas premiadas<\/a><\/p>\n<p><strong>Professores premiados<\/strong><\/p>\n<p>A rede estadual de ensino mineira tamb\u00e9m teve professores premiados na competi\u00e7\u00e3o. Entre eles est\u00e1 Maria M\u00e1rcia de Faria Melo, da Escola Estadual Professor Jos\u00e9 Hugo Guimar\u00e3es, em Carmo do Parana\u00edba, no Alto Parana\u00edba. Ela realizou as atividades de prepara\u00e7\u00e3o dos alunos de forma remota, devido \u00e0 pandemia de covid-19.<\/p>\n<p>\u201cA maioria desses alunos j\u00e1 tem medalhas ou men\u00e7\u00f5es e, ao longo do ano, v\u00e3o se preparando. Trabalhamos\u00a0com resolu\u00e7\u00f5es de provas anteriores e, com os alunos que j\u00e1 t\u00eam mais experi\u00eancia, fazemos um treinamento espec\u00edfico para a Obmep. Da\u00ed orientamos como devem ser as respostas e discutimos caminhos para chegar at\u00e9 ela. Foi muito bom o resultado, nossos alunos levam a competi\u00e7\u00e3o muito a s\u00e9rio, eles se dedicam muito e da\u00ed vem o sucesso\u201d, destaca. Na escola, o trabalho de prepara\u00e7\u00e3o para a Obmep \u00e9 feito em parceria com a professora Carla Braga.<\/p>\n<p><a href=\"http:\/\/premiacao.obmep.org.br\/16aobmep\/verRelatorioProfessoresPremiados.do.htm\" target=\"_blank\" rel=\"noopener\" data-auth=\"NotApplicable\" data-linkindex=\"3\">Confira aqui a lista completa de professores premiados<\/a><\/p>\n<p><strong>Obmep<\/strong><\/p>\n<p>Criada pelo Instituto Mineiro de Psicologia Aplicada (Impa) em 2005 e realizada com apoio da Sociedade Brasileira de Matem\u00e1tica (SBM), a competi\u00e7\u00e3o \u00e9 promovida com recursos do Minist\u00e9rio da Ci\u00eancia, Tecnologia, Inova\u00e7\u00f5es e Comunica\u00e7\u00f5es (MCTIC) e do Minist\u00e9rio da Educa\u00e7\u00e3o (MEC).<\/p>\n<p>Fonte: Ag\u00eancia Minas<\/p>\n","protected":false},"excerpt":{"rendered":"<p>Minas Gerais foi destaque na 16\u00aa Olimp\u00edada Brasileira Matem\u00e1tica das Escolas P\u00fablicas (Obmep): 39 estudantes faturaram medalhas de ouro, 153 de prata e 412 de bronze. Outros 4.021 tamb\u00e9m receberam men\u00e7\u00f5es honrosas. Criada para estimular o estudo da matem\u00e1tica no Brasil, identificar jovens talentosos e promover a inclus\u00e3o social por meio da difus\u00e3o do conhecimento, [&hellip;]<\/p>\n","protected":false},"author":246,"featured_media":194005,"comment_status":"closed","ping_status":"closed","sticky":false,"template":"","format":"standard","meta":{"footnotes":""},"categories":[436,254,439],"tags":[],"class_list":["post-194004","post","type-post","status-publish","format-standard","has-post-thumbnail","hentry","category-destaque-da-semana","category-politica","category-ultima-hora"],"_links":{"self":[{"href":"https:\/\/diarioregionaldigital.com.br\/index.php?rest_route=\/wp\/v2\/posts\/194004","targetHints":{"allow":["GET"]}}],"collection":[{"href":"https:\/\/diarioregionaldigital.com.br\/index.php?rest_route=\/wp\/v2\/posts"}],"about":[{"href":"https:\/\/diarioregionaldigital.com.br\/index.php?rest_route=\/wp\/v2\/types\/post"}],"author":[{"embeddable":true,"href":"https:\/\/diarioregionaldigital.com.br\/index.php?rest_route=\/wp\/v2\/users\/246"}],"replies":[{"embeddable":true,"href":"https:\/\/diarioregionaldigital.com.br\/index.php?rest_route=%2Fwp%2Fv2%2Fcomments&post=194004"}],"version-history":[{"count":1,"href":"https:\/\/diarioregionaldigital.com.br\/index.php?rest_route=\/wp\/v2\/posts\/194004\/revisions"}],"predecessor-version":[{"id":194006,"href":"https:\/\/diarioregionaldigital.com.br\/index.php?rest_route=\/wp\/v2\/posts\/194004\/revisions\/194006"}],"wp:featuredmedia":[{"embeddable":true,"href":"https:\/\/diarioregionaldigital.com.br\/index.php?rest_route=\/wp\/v2\/media\/194005"}],"wp:attachment":[{"href":"https:\/\/diarioregionaldigital.com.br\/index.php?rest_route=%2Fwp%2Fv2%2Fmedia&parent=194004"}],"wp:term":[{"taxonomy":"category","embeddable":true,"href":"https:\/\/diarioregionaldigital.com.br\/index.php?rest_route=%2Fwp%2Fv2%2Fcategories&post=194004"},{"taxonomy":"post_tag","embeddable":true,"href":"https:\/\/diarioregionaldigital.com.br\/index.php?rest_route=%2Fwp%2Fv2%2Ftags&post=194004"}],"curies":[{"name":"wp","href":"https:\/\/api.w.org\/{rel}","templated":true}]}}