{"id":193989,"date":"2022-01-21T16:09:00","date_gmt":"2022-01-21T19:09:00","guid":{"rendered":"https:\/\/diarioregionaldigital.com.br\/?p=193989"},"modified":"2022-01-21T16:09:00","modified_gmt":"2022-01-21T19:09:00","slug":"sp-capital-tem-recorde-de-74-das-familias-endividadas-em-2021","status":"publish","type":"post","link":"https:\/\/diarioregionaldigital.com.br\/?p=193989","title":{"rendered":"SP: capital tem recorde de 74% das fam\u00edlias endividadas em 2021"},"content":{"rendered":"<p>A capital paulista encerrou o ano de 2021 com n\u00famero recorde de fam\u00edlias endividadas: 2,98 milh\u00f5es de lares com algum tipo de d\u00edvida. A taxa de endividados est\u00e1 subindo desde novembro de 2020, chegando a 74,5% em dezembro passado \u2013 recorde para a s\u00e9rie hist\u00f3rica da pesquisa, iniciada em 2010. Os dados, divulgados hoje (21), s\u00e3o da Pesquisa de Endividamento e Inadimpl\u00eancia do Consumidor (PEIC), da Federa\u00e7\u00e3o do Com\u00e9rcio de Bens, Servi\u00e7os e Turismo do Estado de S\u00e3o Paulo (FecomercioSP).<img decoding=\"async\" src=\"https:\/\/agenciabrasil.ebc.com.br\/ebc.png?id=1438007&amp;o=node\" \/><img decoding=\"async\" src=\"https:\/\/agenciabrasil.ebc.com.br\/ebc.gif?id=1438007&amp;o=node\" \/><\/p>\n<p>J\u00e1 a inadimpl\u00eancia, quando o devedor n\u00e3o honra o pagamento, e entra nas listas de \u201cnome sujo\u201d, apresentou estabilidade em 2021. Em dezembro passado, o porcentual das fam\u00edlias com d\u00edvidas em atraso ficou em 20,2% ou 805,5 mil fam\u00edlias.<\/p>\n<p>O tempo de comprometimento da d\u00edvida chegou, em dezembro, \u00e0 m\u00e9dia de 7,9 meses \u2013 maior n\u00edvel desde junho de 2020. O dado reflete que as fam\u00edlias est\u00e3o postergando os compromissos o m\u00e1ximo poss\u00edvel. Segundo a FecomercioSP, o cart\u00e3o e os carn\u00eas, por exemplo, est\u00e3o sendo utilizados para dilui\u00e7\u00e3o do compromisso no longo prazo, com objetivo de aliviar o bolso momentaneamente.<\/p>\n<p>\u201cCom o desemprego e a infla\u00e7\u00e3o levando a uma retra\u00e7\u00e3o do poder de compra, para se defender do aumento dos pre\u00e7os as fam\u00edlias t\u00eam buscado o cr\u00e9dito como alternativa para manter o consumo, inclusive de itens essenciais. Prova disso, \u00e9 que, no m\u00eas passado, a modalidade de cart\u00e3o de cr\u00e9dito atingiu novo recorde entre os endividados (87%). Em dezembro de 2020, o porcentual era de 71,3%\u201d, destacou a FecomercioSP em nota.<\/p>\n<p><span style=\"font-weight: 400;\">\u00a0<\/span><span style=\"font-weight: 400;\"><br \/>\n<\/span><span style=\"font-weight: 400;\">Fonte: Ag\u00eancia Brasil <\/span><\/p>\n","protected":false},"excerpt":{"rendered":"<p>A capital paulista encerrou o ano de 2021 com n\u00famero recorde de fam\u00edlias endividadas: 2,98 milh\u00f5es de lares com algum tipo de d\u00edvida. A taxa de endividados est\u00e1 subindo desde novembro de 2020, chegando a 74,5% em dezembro passado \u2013 recorde para a s\u00e9rie hist\u00f3rica da pesquisa, iniciada em 2010. Os dados, divulgados hoje (21), [&hellip;]<\/p>\n","protected":false},"author":246,"featured_media":193990,"comment_status":"closed","ping_status":"closed","sticky":false,"template":"","format":"standard","meta":{"footnotes":""},"categories":[436,261,439],"tags":[],"class_list":["post-193989","post","type-post","status-publish","format-standard","has-post-thumbnail","hentry","category-destaque-da-semana","category-economia","category-ultima-hora"],"_links":{"self":[{"href":"https:\/\/diarioregionaldigital.com.br\/index.php?rest_route=\/wp\/v2\/posts\/193989","targetHints":{"allow":["GET"]}}],"collection":[{"href":"https:\/\/diarioregionaldigital.com.br\/index.php?rest_route=\/wp\/v2\/posts"}],"about":[{"href":"https:\/\/diarioregionaldigital.com.br\/index.php?rest_route=\/wp\/v2\/types\/post"}],"author":[{"embeddable":true,"href":"https:\/\/diarioregionaldigital.com.br\/index.php?rest_route=\/wp\/v2\/users\/246"}],"replies":[{"embeddable":true,"href":"https:\/\/diarioregionaldigital.com.br\/index.php?rest_route=%2Fwp%2Fv2%2Fcomments&post=193989"}],"version-history":[{"count":1,"href":"https:\/\/diarioregionaldigital.com.br\/index.php?rest_route=\/wp\/v2\/posts\/193989\/revisions"}],"predecessor-version":[{"id":193991,"href":"https:\/\/diarioregionaldigital.com.br\/index.php?rest_route=\/wp\/v2\/posts\/193989\/revisions\/193991"}],"wp:featuredmedia":[{"embeddable":true,"href":"https:\/\/diarioregionaldigital.com.br\/index.php?rest_route=\/wp\/v2\/media\/193990"}],"wp:attachment":[{"href":"https:\/\/diarioregionaldigital.com.br\/index.php?rest_route=%2Fwp%2Fv2%2Fmedia&parent=193989"}],"wp:term":[{"taxonomy":"category","embeddable":true,"href":"https:\/\/diarioregionaldigital.com.br\/index.php?rest_route=%2Fwp%2Fv2%2Fcategories&post=193989"},{"taxonomy":"post_tag","embeddable":true,"href":"https:\/\/diarioregionaldigital.com.br\/index.php?rest_route=%2Fwp%2Fv2%2Ftags&post=193989"}],"curies":[{"name":"wp","href":"https:\/\/api.w.org\/{rel}","templated":true}]}}