{"id":193435,"date":"2022-01-07T06:00:20","date_gmt":"2022-01-07T09:00:20","guid":{"rendered":"https:\/\/diarioregionaldigital.com.br\/?p=193435"},"modified":"2022-01-07T19:16:01","modified_gmt":"2022-01-07T22:16:01","slug":"a-duvida-de-joao-batista","status":"publish","type":"post","link":"https:\/\/diarioregionaldigital.com.br\/?p=193435","title":{"rendered":"A d\u00favida de Jo\u00e3o Batista"},"content":{"rendered":"<p>Se h\u00e1 uma pessoa que passou pela Terra que merece toda a nossa admira\u00e7\u00e3o \u00e9 Jo\u00e3o Batista. Homem reto, \u00edntegro e, sobretudo, elogiado pelo pr\u00f3prio Salvador: \u201cDigo-lhes a verdade: Entre os nascidos de mulher n\u00e3o surgiu ningu\u00e9m maior do que Jo\u00e3o Batista; todavia, o menor no Reino dos c\u00e9us \u00e9 maior do que ele\u201d (Mateus 11: 11).<\/p>\n<p>Por\u00e9m, uma passagem que por muito tempo me causou inquieta\u00e7\u00e3o \u00e9 aquela que relata quando Jo\u00e3o duvidou se Jesus era de fato o Messias prometido:<\/p>\n<p>\u201cJo\u00e3o, ao ouvir na pris\u00e3o o que Cristo estava fazendo, enviou seus disc\u00edpulos para lhe perguntarem: \u2018\u00c9s tu aquele que haveria de vir ou devemos esperar algum outro?\u2019 &#8221; (Mateus 11: 2, 3).<\/p>\n<p>Ora, pensava eu, como assim?? Sendo Jo\u00e3o Batista primo do Salvador (Lc 1: 36), o Elias prometido (Mt 11: 14) com a miss\u00e3o de anunciar antes de qualquer outro a vinda do Rei (Jo 1: 23), tendo ele recebido a profecia diretamente do Alto (Jo 1: 32-34) e, possivelmente, ouvido dos c\u00e9us a voz do pr\u00f3prio Deus apresentando Seu Filho (Mc 1: 9-11), como explicar que Jo\u00e3o ainda tivesse d\u00favida quanto a natureza de Jesus Cristo??? Como isso \u00e9 poss\u00edvel???<\/p>\n<p>Bom, demorei algum tempo para encontrar um esclarecimento para a passagem de Mateus 11: 2 e 3. Ela n\u00e3o est\u00e1 expl\u00edcita na B\u00edblia, mas impl\u00edcita na explica\u00e7\u00e3o que Jesus deu aos disc\u00edpulos enviados com a miss\u00e3o de encontrar resposta definitiva \u00e0 intrigante d\u00favida de Jo\u00e3o Batista:<\/p>\n<p>\u201cJesus respondeu: \u2018Voltem e anunciem a Jo\u00e3o o que voc\u00eas est\u00e3o ouvindo e vendo: os cegos v\u00eaem, os mancos andam, os leprosos s\u00e3o purificados, os surdos ouvem, os mortos s\u00e3o ressuscitados, e as boas novas s\u00e3o pregadas aos pobres; e feliz \u00e9 aquele que n\u00e3o se escandaliza por minha causa\u2019 &#8221; (Mateus 11: 4-6).<\/p>\n<p>Por meio de Jo\u00e3o Batista descobrimos algo importante sobre n\u00f3s mesmos: ainda que tendo certeza, em algum momento seremos levados a duvidar de nossa f\u00e9.<\/p>\n<p>Estamos acostumados aqui na Terra a crer apenas no que vemos de maneira que at\u00e9 o mais santo dos homens pode ser levado a se confundir em fun\u00e7\u00e3o das pr\u00f3prias expectativas pessoais. Na verdade, Jo\u00e3o, como todo Israel, esperava que o Cristo respondesse exclusivamente aos problemas de seu tempo, que viesse sobre um robusto cavalo como um guerreiro libertador, um poderoso homem de batalha preparado para expulsar o opressor romano da Terra Prometida. Era assim que interpretavam passagens como estas dos profetas Miqu\u00e9ias e Jeremias:<\/p>\n<p>\u201cPor isso os israelitas ser\u00e3o abandonados at\u00e9 que d\u00ea \u00e0 luz a que est\u00e1 em trabalho de parto. Ent\u00e3o o restante dos irm\u00e3os do governante voltar\u00e3o para unir-se aos israelitas. Ele se estabelecer\u00e1 e os pastorear\u00e1 na for\u00e7a do Senhor, na majestade do nome do Senhor, o seu Deus. E eles viver\u00e3o em seguran\u00e7a, pois a grandeza dele alcan\u00e7ar\u00e1 os confins da terra\u201d (Miqu\u00e9ias 5: 3, 4).<\/p>\n<p>\u201c \u2018Dias vir\u00e3o\u2019, declara o Senhor, \u2018em que levantarei para Davi um Renovo justo, um rei que reinar\u00e1 com sabedoria e far\u00e1 o que \u00e9 justo e certo na terra. Em seus dias Jud\u00e1 ser\u00e1 salva, Israel viver\u00e1 em seguran\u00e7a, e este \u00e9 o nome pelo qual ser\u00e1 chamado: O Senhor \u00e9 a Nossa Justi\u00e7a\u2019 \u201c (Jeremias 23: 5, 6).<\/p>\n<p>As profecias estavam corretas, por\u00e9m, a interpreta\u00e7\u00e3o que faziam estava completamente equivocada. Jesus n\u00e3o veio para responder a \u201cum\u201d problema hist\u00f3rico, relacionado a \u201cum \u00fanico\u201d povo, diversamente, o Cristo veio para realizar tudo em todos!<\/p>\n<p>\u201cPois em Cristo habita corporalmente toda a plenitude da divindade, e, por estarem nele, que \u00e9 o Cabe\u00e7a de todo poder e autoridade, voc\u00eas receberam a plenitude\u201d (Colossenses 2: 9, 10).<\/p>\n<p>Veio ao mundo nascido em um est\u00e1bulo (Lc 2: 7), cingido com vestes humildes, falando com mansid\u00e3o, pregando o amor, montado em um jumentinho (Mt 21: 7). Seu Reino n\u00e3o era o reino f\u00edsico esperado pelo povo judeu, mas o Reino Eterno reservado \u00e0 toda humanidade redimida:<\/p>\n<p>\u201cPorque um menino nos nasceu, um filho nos foi dado, e o governo est\u00e1 sobre os seus ombros. E ele ser\u00e1 chamado Maravilhoso Conselheiro, Deus Poderoso, Pai Eterno, Pr\u00edncipe da Paz. Ele estender\u00e1 o seu dom\u00ednio, e haver\u00e1 paz sem fim sobre o trono de Davi e sobre o seu reino, estabelecido e mantido com justi\u00e7a e retid\u00e3o, desde agora e para sempre. O zelo do Senhor dos Ex\u00e9rcitos far\u00e1 isso\u201d (Isa\u00edas 9: 6, 7).<\/p>\n<p>A fonte da d\u00favida de Jo\u00e3o \u00e9 a confus\u00e3o que n\u00f3s todos costumamos fazer entre as coisas daqui e as Celestes. Mas a verdade \u00e9 que a gl\u00f3ria deste mundo n\u00e3o \u00e9 como a gl\u00f3ria de Deus. Por isso o Eterno escolheu a fraqueza para humilhar a for\u00e7a, a credulidade para devassar a sabedoria humana:<\/p>\n<p>\u201cMas Deus escolheu as coisas loucas do mundo para envergonhar os s\u00e1bios, e escolheu as coisas fracas do mundo para envergonhar as fortes\u201d (1 Cor\u00edntios 1: 27).<\/p>\n<p>O Esp\u00edrito Santo j\u00e1 havia dito a Jo\u00e3o Batista quem era Jesus (Jo 1: 32), por\u00e9m, ainda sim, ele vacilou. Portanto, o recado que recebemos das Escrituras atrav\u00e9s da experi\u00eancia do \u201cElias prometido\u201d \u00e9 de que devemos buscar o discernimento sempre e em toda ocasi\u00e3o no Esp\u00edrito Santo e quando recebemos a resposta precisamos CONFIAR, sabendo que ele jamais nos deixa confundidos:<\/p>\n<p>\u201cMas quando o Esp\u00edrito da verdade vier, ele os guiar\u00e1 a toda a verdade. N\u00e3o falar\u00e1 de si mesmo; falar\u00e1 apenas o que ouvir, e lhes anunciar\u00e1 o que est\u00e1 por vir. Ele me glorificar\u00e1, porque receber\u00e1 do que \u00e9 meu e o tornar\u00e1 conhecido a voc\u00eas\u201d (Jo\u00e3o 16: 13, 14).<\/p>\n<p>Mesmo que o Esp\u00edrito fale algo que n\u00e3o enxergamos, devemos seguir crendo \u201cporque vivemos por f\u00e9, e n\u00e3o pelo que vemos\u201d (2 Cor\u00edntios 5: 7).<\/p>\n<p>Se mesmo o profeta Jo\u00e3o Batista se confundiu, saibamos que tamb\u00e9m nos confundiremos em algum ponto da caminhada. Portanto, estejamos sempre alertas para n\u00e3o deixar que as coisas deste mundo venham a emba\u00e7ar a vis\u00e3o, tirando a nitidez com que Deus comunicou as Suas verdades:<\/p>\n<p>\u201cO prop\u00f3sito \u00e9 que n\u00e3o sejamos mais como crian\u00e7as, levados de um lado para outro pelas ondas, nem jogados para c\u00e1 e para l\u00e1 por todo vento de doutrina e pela ast\u00facia e esperteza de homens que induzem ao erro. Antes, seguindo a verdade em amor, cres\u00e7amos em tudo naquele que \u00e9 a cabe\u00e7a, Cristo\u201d (Ef\u00e9sios 4: 14, 15).<\/p>\n","protected":false},"excerpt":{"rendered":"<p>Se h\u00e1 uma pessoa que passou pela Terra que merece toda a nossa admira\u00e7\u00e3o \u00e9 Jo\u00e3o Batista. Homem reto, \u00edntegro e, sobretudo, elogiado pelo pr\u00f3prio Salvador: \u201cDigo-lhes a verdade: Entre os nascidos de mulher n\u00e3o surgiu ningu\u00e9m maior do que Jo\u00e3o Batista; todavia, o menor no Reino dos c\u00e9us \u00e9 maior do que ele\u201d (Mateus [&hellip;]<\/p>\n","protected":false},"author":96,"featured_media":0,"comment_status":"closed","ping_status":"closed","sticky":false,"template":"","format":"standard","meta":{"footnotes":""},"categories":[1244],"tags":[],"class_list":["post-193435","post","type-post","status-publish","format-standard","hentry","category-oleg-abramov"],"_links":{"self":[{"href":"https:\/\/diarioregionaldigital.com.br\/index.php?rest_route=\/wp\/v2\/posts\/193435","targetHints":{"allow":["GET"]}}],"collection":[{"href":"https:\/\/diarioregionaldigital.com.br\/index.php?rest_route=\/wp\/v2\/posts"}],"about":[{"href":"https:\/\/diarioregionaldigital.com.br\/index.php?rest_route=\/wp\/v2\/types\/post"}],"author":[{"embeddable":true,"href":"https:\/\/diarioregionaldigital.com.br\/index.php?rest_route=\/wp\/v2\/users\/96"}],"replies":[{"embeddable":true,"href":"https:\/\/diarioregionaldigital.com.br\/index.php?rest_route=%2Fwp%2Fv2%2Fcomments&post=193435"}],"version-history":[{"count":1,"href":"https:\/\/diarioregionaldigital.com.br\/index.php?rest_route=\/wp\/v2\/posts\/193435\/revisions"}],"predecessor-version":[{"id":193436,"href":"https:\/\/diarioregionaldigital.com.br\/index.php?rest_route=\/wp\/v2\/posts\/193435\/revisions\/193436"}],"wp:attachment":[{"href":"https:\/\/diarioregionaldigital.com.br\/index.php?rest_route=%2Fwp%2Fv2%2Fmedia&parent=193435"}],"wp:term":[{"taxonomy":"category","embeddable":true,"href":"https:\/\/diarioregionaldigital.com.br\/index.php?rest_route=%2Fwp%2Fv2%2Fcategories&post=193435"},{"taxonomy":"post_tag","embeddable":true,"href":"https:\/\/diarioregionaldigital.com.br\/index.php?rest_route=%2Fwp%2Fv2%2Ftags&post=193435"}],"curies":[{"name":"wp","href":"https:\/\/api.w.org\/{rel}","templated":true}]}}