{"id":193416,"date":"2022-01-07T17:18:23","date_gmt":"2022-01-07T20:18:23","guid":{"rendered":"https:\/\/diarioregionaldigital.com.br\/?p=193416"},"modified":"2022-01-07T17:18:23","modified_gmt":"2022-01-07T20:18:23","slug":"pep-guardiola-testa-positivo-para-o-novo-coronavirus","status":"publish","type":"post","link":"https:\/\/diarioregionaldigital.com.br\/?p=193416","title":{"rendered":"Pep Guardiola testa positivo para o novo coronav\u00edrus"},"content":{"rendered":"<p>O t\u00e9cnico do Manchester City, o espanhol Pep Guardiola, ficar\u00e1 fora da partida da terceira rodada da Copa da Inglaterra na pr\u00f3xima sexta-feira (7) contra o Swindon Town ap\u00f3s testar positivo para o novo coronav\u00edrus (covid-19), anunciou o clube ingl\u00eas nesta quinta-feira (6).<img decoding=\"async\" src=\"https:\/\/agenciabrasil.ebc.com.br\/ebc.png?id=1435652&amp;o=node\" \/><img decoding=\"async\" src=\"https:\/\/agenciabrasil.ebc.com.br\/ebc.gif?id=1435652&amp;o=node\" \/><\/p>\n<p>O City disse que Guardiola testou positivo na ter\u00e7a-feira, assim como o assistente Juanma Lillo.<\/p>\n<div class=\"post-item alt-font\">\n<div class=\"post-item-wrap\">\n<p>\u201cAmbos est\u00e3o agora em isolamento, ao lado de uma s\u00e9rie de outros casos positivos na bolha da equipe titular do City\u201d, afirmou o clube em nota, acrescentando que sete jogadores da equipe titular e 14 funcion\u00e1rios da equipe est\u00e3o em isolamento por motivos relacionados \u00e0 covid-19.<\/p>\n<p>O t\u00e9cnico Rodolfo Borrell, que assumir\u00e1 o comando do time no jogo de sexta-feira, disse que Guardiola n\u00e3o tem apresentado muitos sintomas.<\/p>\n<p>\u201cTivemos um surto [\u2026]. \u00c9 um grande surto. Estamos recebendo isso dia a dia, n\u00e3o sabemos onde vai terminar\u201d, declarou Borrell em coletiva de imprensa nesta quinta-feira.<\/p>\n<p>O City \u00e9 o l\u00edder do Campeonato Ingl\u00eas, com 53 pontos ap\u00f3s 21 partidas, 10 pontos a mais que o segundo colocado Chelsea. Os dois clubes se enfrentam em Manchester no dia 15 de janeiro, ap\u00f3s a partida do City com o Swindon.<\/p>\n<p>Na ter\u00e7a-feira o Burnley tamb\u00e9m informou que o t\u00e9cnico Sean Dyche ficar\u00e1 fora da partida da terceira rodada da Copa da Inglaterra em casa contra o Huddersfield Town no s\u00e1bado (8), ap\u00f3s testar positivo para covid-19.<\/p>\n<p><span style=\"font-weight: 400;\">Fonte: Ag\u00eancia Brasil <\/span><\/p>\n<\/div>\n<\/div>\n","protected":false},"excerpt":{"rendered":"<p>O t\u00e9cnico do Manchester City, o espanhol Pep Guardiola, ficar\u00e1 fora da partida da terceira rodada da Copa da Inglaterra na pr\u00f3xima sexta-feira (7) contra o Swindon Town ap\u00f3s testar positivo para o novo coronav\u00edrus (covid-19), anunciou o clube ingl\u00eas nesta quinta-feira (6). O City disse que Guardiola testou positivo na ter\u00e7a-feira, assim como o [&hellip;]<\/p>\n","protected":false},"author":246,"featured_media":193417,"comment_status":"closed","ping_status":"closed","sticky":false,"template":"","format":"standard","meta":{"footnotes":""},"categories":[436,257,439],"tags":[],"class_list":["post-193416","post","type-post","status-publish","format-standard","has-post-thumbnail","hentry","category-destaque-da-semana","category-esporte","category-ultima-hora"],"_links":{"self":[{"href":"https:\/\/diarioregionaldigital.com.br\/index.php?rest_route=\/wp\/v2\/posts\/193416","targetHints":{"allow":["GET"]}}],"collection":[{"href":"https:\/\/diarioregionaldigital.com.br\/index.php?rest_route=\/wp\/v2\/posts"}],"about":[{"href":"https:\/\/diarioregionaldigital.com.br\/index.php?rest_route=\/wp\/v2\/types\/post"}],"author":[{"embeddable":true,"href":"https:\/\/diarioregionaldigital.com.br\/index.php?rest_route=\/wp\/v2\/users\/246"}],"replies":[{"embeddable":true,"href":"https:\/\/diarioregionaldigital.com.br\/index.php?rest_route=%2Fwp%2Fv2%2Fcomments&post=193416"}],"version-history":[{"count":1,"href":"https:\/\/diarioregionaldigital.com.br\/index.php?rest_route=\/wp\/v2\/posts\/193416\/revisions"}],"predecessor-version":[{"id":193418,"href":"https:\/\/diarioregionaldigital.com.br\/index.php?rest_route=\/wp\/v2\/posts\/193416\/revisions\/193418"}],"wp:featuredmedia":[{"embeddable":true,"href":"https:\/\/diarioregionaldigital.com.br\/index.php?rest_route=\/wp\/v2\/media\/193417"}],"wp:attachment":[{"href":"https:\/\/diarioregionaldigital.com.br\/index.php?rest_route=%2Fwp%2Fv2%2Fmedia&parent=193416"}],"wp:term":[{"taxonomy":"category","embeddable":true,"href":"https:\/\/diarioregionaldigital.com.br\/index.php?rest_route=%2Fwp%2Fv2%2Fcategories&post=193416"},{"taxonomy":"post_tag","embeddable":true,"href":"https:\/\/diarioregionaldigital.com.br\/index.php?rest_route=%2Fwp%2Fv2%2Ftags&post=193416"}],"curies":[{"name":"wp","href":"https:\/\/api.w.org\/{rel}","templated":true}]}}