{"id":193410,"date":"2022-01-07T17:00:53","date_gmt":"2022-01-07T20:00:53","guid":{"rendered":"https:\/\/diarioregionaldigital.com.br\/?p=193410"},"modified":"2022-01-07T17:00:53","modified_gmt":"2022-01-07T20:00:53","slug":"jose-neto-convoca-para-pre-mundial-de-basquete-feminino","status":"publish","type":"post","link":"https:\/\/diarioregionaldigital.com.br\/?p=193410","title":{"rendered":"Jos\u00e9 Neto convoca para Pr\u00e9-Mundial de basquete feminino"},"content":{"rendered":"<p>O t\u00e9cnico da sele\u00e7\u00e3o brasileira feminina de basquete, Jos\u00e9 Neto, anunciou nesta quinta-feira (6) a convoca\u00e7\u00e3o da equipe para a disputa do Pr\u00e9-Mundial, que ser\u00e1 realizado entre os dias 10 e 13 de fevereiro em Belgrado (S\u00e9rvia).<img decoding=\"async\" src=\"https:\/\/agenciabrasil.ebc.com.br\/ebc.png?id=1435644&amp;o=node\" \/><img decoding=\"async\" src=\"https:\/\/agenciabrasil.ebc.com.br\/ebc.gif?id=1435644&amp;o=node\" \/><\/p>\n<p>O Brasil est\u00e1 no torneio A, ao lado de Austr\u00e1lia, S\u00e9rvia e Coreia do Sul. Com as australianas j\u00e1 classificadas, S\u00e9rvia, Brasil e Coreia do Sul brigam por duas vagas.<\/p>\n<p>\u201cComo esta competi\u00e7\u00e3o n\u00e3o proporciona para as equipes muito tempo de prepara\u00e7\u00e3o, estamos fazendo a convoca\u00e7\u00e3o levando em considera\u00e7\u00e3o uma base de atletas que est\u00e3o aptas, em atividade, j\u00e1 adaptadas a nossa metodologia e proposta de jogo\u201d, declarou Jos\u00e9 Neto.<\/p>\n<p>O Mundial de Basquete Feminino ser\u00e1 disputado entre\u00a022 de setembro e\u00a01\u00a0de outubro\u00a0na Austr\u00e1lia, com a participa\u00e7\u00e3o das 12 melhores sele\u00e7\u00f5es do mundo.<\/p>\n<h2>Rela\u00e7\u00e3o de convocadas:<\/h2>\n<p><strong>Armadoras:<\/strong>\u00a0D\u00e9bora Costa (CB Jairis-ESP), Alana Gon\u00e7alo (Melilla La Salle-ESP) e Lays da Silva (Santo Andr\u00e9\/Apaba).<\/p>\n<p><strong>Alas\/Armadoras:<\/strong>\u00a0Patty Teixeira (Sampaio Basquete) e Tain\u00e1 Paix\u00e3o (Akronos Moncalieri-ITA).<\/p>\n<p><strong>Alas:<\/strong>\u00a0Isabela Ramona (Celje Basketball-ESL), Jeanne Flausino (Clube Galitos Aveiros-POR), Raphaella Monteiro (Benfica-POR), Thayn\u00e1 Silva (Sodi\u00ea Doces\/Mesquita\/LSB) e Mariane Carvalho (BC Horizont Minsk-BLR).<\/p>\n<p><strong>Alas\/piv\u00f4s:\u00a0<\/strong>Damiris Dantas (Minnesota Lynx) e Stephanie Soares (The Masters University-EUA).<\/p>\n<p><strong>Piv\u00f4s:<\/strong>\u00a0\u00c9rika de Souza (CB Jairis-ESP) e Kamilla Cardoso (South Carolina Gamecocks-EUA).<\/p>\n<p><span style=\"font-weight: 400;\">Fonte: Ag\u00eancia Brasil <\/span><\/p>\n","protected":false},"excerpt":{"rendered":"<p>O t\u00e9cnico da sele\u00e7\u00e3o brasileira feminina de basquete, Jos\u00e9 Neto, anunciou nesta quinta-feira (6) a convoca\u00e7\u00e3o da equipe para a disputa do Pr\u00e9-Mundial, que ser\u00e1 realizado entre os dias 10 e 13 de fevereiro em Belgrado (S\u00e9rvia). O Brasil est\u00e1 no torneio A, ao lado de Austr\u00e1lia, S\u00e9rvia e Coreia do Sul. Com as australianas [&hellip;]<\/p>\n","protected":false},"author":246,"featured_media":193411,"comment_status":"closed","ping_status":"closed","sticky":false,"template":"","format":"standard","meta":{"footnotes":""},"categories":[436,257,439],"tags":[],"class_list":["post-193410","post","type-post","status-publish","format-standard","has-post-thumbnail","hentry","category-destaque-da-semana","category-esporte","category-ultima-hora"],"_links":{"self":[{"href":"https:\/\/diarioregionaldigital.com.br\/index.php?rest_route=\/wp\/v2\/posts\/193410","targetHints":{"allow":["GET"]}}],"collection":[{"href":"https:\/\/diarioregionaldigital.com.br\/index.php?rest_route=\/wp\/v2\/posts"}],"about":[{"href":"https:\/\/diarioregionaldigital.com.br\/index.php?rest_route=\/wp\/v2\/types\/post"}],"author":[{"embeddable":true,"href":"https:\/\/diarioregionaldigital.com.br\/index.php?rest_route=\/wp\/v2\/users\/246"}],"replies":[{"embeddable":true,"href":"https:\/\/diarioregionaldigital.com.br\/index.php?rest_route=%2Fwp%2Fv2%2Fcomments&post=193410"}],"version-history":[{"count":1,"href":"https:\/\/diarioregionaldigital.com.br\/index.php?rest_route=\/wp\/v2\/posts\/193410\/revisions"}],"predecessor-version":[{"id":193412,"href":"https:\/\/diarioregionaldigital.com.br\/index.php?rest_route=\/wp\/v2\/posts\/193410\/revisions\/193412"}],"wp:featuredmedia":[{"embeddable":true,"href":"https:\/\/diarioregionaldigital.com.br\/index.php?rest_route=\/wp\/v2\/media\/193411"}],"wp:attachment":[{"href":"https:\/\/diarioregionaldigital.com.br\/index.php?rest_route=%2Fwp%2Fv2%2Fmedia&parent=193410"}],"wp:term":[{"taxonomy":"category","embeddable":true,"href":"https:\/\/diarioregionaldigital.com.br\/index.php?rest_route=%2Fwp%2Fv2%2Fcategories&post=193410"},{"taxonomy":"post_tag","embeddable":true,"href":"https:\/\/diarioregionaldigital.com.br\/index.php?rest_route=%2Fwp%2Fv2%2Ftags&post=193410"}],"curies":[{"name":"wp","href":"https:\/\/api.w.org\/{rel}","templated":true}]}}