{"id":193407,"date":"2022-01-07T16:59:14","date_gmt":"2022-01-07T19:59:14","guid":{"rendered":"https:\/\/diarioregionaldigital.com.br\/?p=193407"},"modified":"2022-01-07T16:59:14","modified_gmt":"2022-01-07T19:59:14","slug":"philippe-coutinho-acerta-com-aston-villa-ate-o-fim-da-temporada","status":"publish","type":"post","link":"https:\/\/diarioregionaldigital.com.br\/?p=193407","title":{"rendered":"Philippe Coutinho acerta com Aston Villa at\u00e9 o fim da temporada"},"content":{"rendered":"<p>Nem Flamengo, nem Palmeiras, muito menos o Atl\u00e9tico-MG. O alvoro\u00e7o causado nas redes sociais nos \u00faltimos dias depois de jornais europeus terem afirmado que Philippe Coutinho queria voltar ao Brasil acabou para os torcedores brasileiros. O meio-campista acertou transfer\u00eancia para o Aston Villa, da Inglaterra.<img decoding=\"async\" src=\"https:\/\/agenciabrasil.ebc.com.br\/ebc.png?id=1435734&amp;o=node\" \/><img decoding=\"async\" src=\"https:\/\/agenciabrasil.ebc.com.br\/ebc.gif?id=1435734&amp;o=node\" \/><\/p>\n<p>Coutinho vai para o clube ingl\u00eas por empr\u00e9stimo at\u00e9 o fim da temporada. Ele pertence ao Barcelona, mas recebe um sal\u00e1rio muito alto e o time catal\u00e3o est\u00e1 com dificuldades financeiras. A mudan\u00e7a significa um al\u00edvio no caixa do Bar\u00e7a e uma oportunidade de Philippe jogar mais e mostrar seu futebol, pensando na Copa do Mundo de 2022.<\/p>\n<p>A contrata\u00e7\u00e3o de Coutinho teria sido um pedido especial do t\u00e9cnico do Aston Villa, Steven Gerrard. Ex-jogador e \u00eddolo do Liverpool, ele atuou com o brasileiro entre 2013 e 2015, quando Gerrard se transferiu para o LA Galaxy, dos Estados Unidos. Um dia antes de o empr\u00e9stimo ter sido confirmado, o treinador elogiou o meio-campista.<\/p>\n<p>\u201cS\u00e3o 63 partidas pela Sele\u00e7\u00e3o Brasileira, um vencedor em s\u00e9rie, jogou pelo Barcelona, foi incr\u00edvel no Liverpool. Ent\u00e3o eu consigo entender porque ele \u00e9 especulado em muitos clubes, Posso entender porque tantos torcedores de todo o pa\u00eds est\u00e3o falando dele. Eu n\u00e3o acho que voc\u00ea recebe o apelido de \u2018m\u00e1gico\u2019 se voc\u00ea n\u00e3o for um jogador especial\u201d<\/p>\n<p>O Aston Villa vai ter a op\u00e7\u00e3o de compra ap\u00f3s o fim do empr\u00e9stimo. Philippe Coutinho tem 29 anos e passava pela melhor fase da carreira no Liverpool. Em 2018, o Barcelona comprou o jogador, que n\u00e3o conseguiu repetir as boas atua\u00e7\u00f5es. Chegou a ser emprestado para o Bayern de Munique, onde conquistou uma Champions League (2019-2020), retornou ao Barcelona, mas sofreu com les\u00f5es e n\u00e3o conseguiu uma sequ\u00eancia de partidas.<\/p>\n<p><span style=\"font-weight: 400;\">Fonte: Ag\u00eancia Brasil <\/span><\/p>\n","protected":false},"excerpt":{"rendered":"<p>Nem Flamengo, nem Palmeiras, muito menos o Atl\u00e9tico-MG. O alvoro\u00e7o causado nas redes sociais nos \u00faltimos dias depois de jornais europeus terem afirmado que Philippe Coutinho queria voltar ao Brasil acabou para os torcedores brasileiros. O meio-campista acertou transfer\u00eancia para o Aston Villa, da Inglaterra. Coutinho vai para o clube ingl\u00eas por empr\u00e9stimo at\u00e9 o [&hellip;]<\/p>\n","protected":false},"author":246,"featured_media":193408,"comment_status":"closed","ping_status":"closed","sticky":false,"template":"","format":"standard","meta":{"footnotes":""},"categories":[436,440,257,439],"tags":[],"class_list":["post-193407","post","type-post","status-publish","format-standard","has-post-thumbnail","hentry","category-destaque-da-semana","category-destaques-do-dia","category-esporte","category-ultima-hora"],"_links":{"self":[{"href":"https:\/\/diarioregionaldigital.com.br\/index.php?rest_route=\/wp\/v2\/posts\/193407","targetHints":{"allow":["GET"]}}],"collection":[{"href":"https:\/\/diarioregionaldigital.com.br\/index.php?rest_route=\/wp\/v2\/posts"}],"about":[{"href":"https:\/\/diarioregionaldigital.com.br\/index.php?rest_route=\/wp\/v2\/types\/post"}],"author":[{"embeddable":true,"href":"https:\/\/diarioregionaldigital.com.br\/index.php?rest_route=\/wp\/v2\/users\/246"}],"replies":[{"embeddable":true,"href":"https:\/\/diarioregionaldigital.com.br\/index.php?rest_route=%2Fwp%2Fv2%2Fcomments&post=193407"}],"version-history":[{"count":1,"href":"https:\/\/diarioregionaldigital.com.br\/index.php?rest_route=\/wp\/v2\/posts\/193407\/revisions"}],"predecessor-version":[{"id":193409,"href":"https:\/\/diarioregionaldigital.com.br\/index.php?rest_route=\/wp\/v2\/posts\/193407\/revisions\/193409"}],"wp:featuredmedia":[{"embeddable":true,"href":"https:\/\/diarioregionaldigital.com.br\/index.php?rest_route=\/wp\/v2\/media\/193408"}],"wp:attachment":[{"href":"https:\/\/diarioregionaldigital.com.br\/index.php?rest_route=%2Fwp%2Fv2%2Fmedia&parent=193407"}],"wp:term":[{"taxonomy":"category","embeddable":true,"href":"https:\/\/diarioregionaldigital.com.br\/index.php?rest_route=%2Fwp%2Fv2%2Fcategories&post=193407"},{"taxonomy":"post_tag","embeddable":true,"href":"https:\/\/diarioregionaldigital.com.br\/index.php?rest_route=%2Fwp%2Fv2%2Ftags&post=193407"}],"curies":[{"name":"wp","href":"https:\/\/api.w.org\/{rel}","templated":true}]}}