{"id":193404,"date":"2022-01-07T15:37:12","date_gmt":"2022-01-07T18:37:12","guid":{"rendered":"https:\/\/diarioregionaldigital.com.br\/?p=193404"},"modified":"2022-01-07T15:37:12","modified_gmt":"2022-01-07T18:37:12","slug":"acao-integrada-entre-minas-e-espirito-santo-protege-mais-de-200-especies-de-fauna-e-flora","status":"publish","type":"post","link":"https:\/\/diarioregionaldigital.com.br\/?p=193404","title":{"rendered":"A\u00e7\u00e3o integrada entre Minas e Esp\u00edrito Santo protege mais de 200 esp\u00e9cies de fauna e flora"},"content":{"rendered":"<p>Mais de 200 esp\u00e9cies de fauna e flora, criticamente em perigo de extin\u00e7\u00e3o nos estados de Minas Gerais e do Esp\u00edrito Santo, passam a contar com mais um instrumento de prote\u00e7\u00e3o: o Plano de A\u00e7\u00e3o Territorial para Conserva\u00e7\u00e3o de Esp\u00e9cies Amea\u00e7adas de Extin\u00e7\u00e3o do Territ\u00f3rio Capixaba-Gerais (PAT Capixaba-Gerais). A estrat\u00e9gia faz parte do Programa Nacional para a Conserva\u00e7\u00e3o de Esp\u00e9cies Amea\u00e7adas de Extin\u00e7\u00e3o &#8211; Pr\u00f3-Esp\u00e9cies.<\/p>\n<p>O\u00a0<a href=\"http:\/\/www.ief.mg.gov.br\/\" target=\"_blank\" rel=\"noopener\">Instituto Estadual de Florestas (IEF)<\/a>\u00a0foi convidado a participar do projeto para definir as a\u00e7\u00f5es de conserva\u00e7\u00e3o direcionadas a esp\u00e9cies com ocorr\u00eancia na Mata Atl\u00e2ntica, entre os estados de Minas e Esp\u00edrito Santo. O PAT Capixaba-Gerais foi promovido juntamente com o Instituto Estadual de Meio Ambiente e Recursos H\u00eddricos do Esp\u00edrito Santo (Iema\/ES).<\/p>\n<p><strong>Conserva\u00e7\u00e3o<\/strong><\/p>\n<p>O objetivo geral da a\u00e7\u00e3o \u00e9 implementar medidas de conserva\u00e7\u00e3o da sociobiodiversidade no Territ\u00f3rio do PAT Capixaba-Gerais que reduzam as amea\u00e7as sobre as esp\u00e9cies e promovam a manuten\u00e7\u00e3o dos servi\u00e7os ecossist\u00eamicos com engajamento da sociedade.<\/p>\n<p>&#8220;Os PAT s\u00e3o instrumentos nacionais para a conserva\u00e7\u00e3o das esp\u00e9cies amea\u00e7adas de extin\u00e7\u00e3o em cumprimento a metas nacionais e internacionais de biodiversidade. O PAT Capixaba-Gerais deve nortear os trabalhos de conserva\u00e7\u00e3o dentro do seu territ\u00f3rio, al\u00e9m de promover uma troca de experi\u00eancias governamentais por envolver o estado de Minas Gerais, por meio do IEF e o estado do Esp\u00edrito Santo, atrav\u00e9s do Iema\u201d, afirma Thiago Gelape, gerente de Recupera\u00e7\u00e3o Ambiental e Planejamento da Conserva\u00e7\u00e3o de Ecossistemas do IEF.<\/p>\n<p><strong>Esp\u00e9cies contempladas<\/strong><\/p>\n<p>O Territ\u00f3rio do PAT Capixaba-Gerais abrange 113 munic\u00edpios, sendo 78 deles localizados no Esp\u00edrito Santo e outros 35 em Minas Gerais. Ao todo, o plano contempla uma \u00e1rea de 68.487,34 km\u00b2, que abriga bacias hidrogr\u00e1ficas, al\u00e9m de floresta nativa, sav\u00e2nica, \u00e1reas rochosas e de transi\u00e7\u00e3o. S\u00e3o 216 esp\u00e9cies-alvo do PAT, sendo 30 delas de fauna e 186 de flora. Anf\u00edbios, aves, invertebrados, peixes e r\u00e9pteis, al\u00e9m de angiospermas, bri\u00f3fitas e lic\u00f3fitas, fazem parte dos grupos que s\u00e3o alvos do projeto.<\/p>\n<p>Outros crit\u00e9rios tamb\u00e9m foram utilizados para definir as esp\u00e9cies contempladas pelo projeto, por exemplo, aquelas que est\u00e3o na categoria Criticamente em Perigo (CR) de extin\u00e7\u00e3o e estejam constando em listagens nacionais oficiais, assim como nas rela\u00e7\u00f5es feitas por Minas Gerais e Esp\u00edrito Santo. Esp\u00e9cies CR sem registro de ocorr\u00eancia em unidade de conserva\u00e7\u00e3o &#8211; com exce\u00e7\u00e3o de \u00c1reas de Prote\u00e7\u00e3o Ambiental (APA) -, al\u00e9m daquelas n\u00e3o contempladas por outros instrumentos de conserva\u00e7\u00e3o, como o Plano de A\u00e7\u00e3o Nacional (PAN), tamb\u00e9m entraram no rol que \u00e9 alvo do PAT.<\/p>\n<p>No caso de esp\u00e9cies de flora, por exemplo, foram consideradas avalia\u00e7\u00f5es mais recentes do estado de conserva\u00e7\u00e3o das esp\u00e9cies, realizadas pelo Centro Nacional de Conserva\u00e7\u00e3o da Flora do Instituto de Pesquisas Jardim Bot\u00e2nico do Rio de Janeiro.<\/p>\n<p><strong>Metodologia<\/strong><\/p>\n<p>O PAT Capixaba-Gerais foi desenvolvido virtualmente, em raz\u00e3o da pandemia de covid-19, e de forma participativa. Em outubro de 2020, cerca de 20 pessoas, entre pesquisadores e representantes de institui\u00e7\u00f5es ambientais dos estados do Esp\u00edrito Santo, Minas Gerais e Rio de Janeiro se reuniram e apresentaram as atividades a serem desenvolvidas.<\/p>\n<p>Tamb\u00e9m foi feita uma Oficina Preparat\u00f3ria, em novembro de 2020, que envolveu 31 profissionais, entre representantes dos governos estaduais e federal, al\u00e9m de pessoas ligadas a institui\u00e7\u00f5es de pesquisa e ensino, de organiza\u00e7\u00f5es n\u00e3o governamentais e da sociedade civil organizada. Nesse momento, a lista de esp\u00e9cies-alvo foi discutida, assim como o nome e os limites do Territ\u00f3rio do PAT Capixaba-Gerais.<\/p>\n<p>Por \u00faltimo, uma Oficina de Elabora\u00e7\u00e3o do PAT foi realizada em dezembro de 2020 para pactuar o objetivo geral do plano e definir os objetivos espec\u00edficos, bem como trabalhar na elabora\u00e7\u00e3o da matriz de planejamento e definir o Grupo de Assessoramento T\u00e9cnico (GAT), que possui fun\u00e7\u00e3o de acompanhar, monitorar, avaliar e auxiliar na implementa\u00e7\u00e3o da a\u00e7\u00e3o, durante todo o seu ciclo de vig\u00eancia de 5 anos. Fazem parte do GAT diversos representantes de diferentes organiza\u00e7\u00f5es, como do IEF, Universidade do Estado de Minas Gerais (UEMG), Iema\/ES, entre outros.<\/p>\n<p>&#8220;O trabalho do GAT representa um mecanismo fundamental para a ades\u00e3o dos atores com presen\u00e7a no territ\u00f3rio e contribui para se alcan\u00e7ar o objetivo do PAT de implementar medidas de conserva\u00e7\u00e3o, reduzindo as amea\u00e7as sobre as esp\u00e9cies\u201d, explica Thiago.<\/p>\n<p>Uma Matriz de Planejamento tamb\u00e9m foi criada. Ela possui sete objetivos espec\u00edficos que passam desde a prioriza\u00e7\u00e3o de \u00e1reas para a implementa\u00e7\u00e3o do projeto at\u00e9 a implementa\u00e7\u00e3o de mecanismos de prote\u00e7\u00e3o e restaura\u00e7\u00e3o de ambientes naturais. Em cada objetivo h\u00e1 uma s\u00e9rie de a\u00e7\u00f5es a serem executadas.<\/p>\n<p>Mais informa\u00e7\u00f5es sobre o PAT Capixaba-Gerais podem ser encontradas no\u00a0<a href=\"http:\/\/www.ief.mg.gov.br\/images\/stories\/2021\/BIODIVERSIDADE\/23.09_layout_sumario_PAT_CapixabaGerais_web.pdf\" target=\"_blank\" rel=\"noopener\">Sum\u00e1rio Executivo<\/a>. A coordena\u00e7\u00e3o geral do projeto pode ser contatada por meio do e-mail:\u00a0<a href=\"mailto:pat.capixabagerais@gmail.com\">pat.capixabagerais@gmail.com<\/a><\/p>\n<p><strong>Projeto Pr\u00f3-Esp\u00e9cies<\/strong><\/p>\n<p>Para cumprir a Meta 12 da Conven\u00e7\u00e3o sobre Diversidade Biol\u00f3gica (CDB), o Minist\u00e9rio do Meio Ambiente (MMA) instituiu o Programa Nacional para a Conserva\u00e7\u00e3o de Esp\u00e9cies Amea\u00e7adas de Extin\u00e7\u00e3o &#8211; Pr\u00f3-Esp\u00e9cies, que atua em parceria com 13 estados brasileiros: Amazonas, Bahia, Esp\u00edrito Santo, Goi\u00e1s, Maranh\u00e3o, Minas Gerais, Par\u00e1, Paran\u00e1, Rio de Janeiro, Rio Grande do Sul, Santa Catarina, S\u00e3o Paulo e Tocantins.<\/p>\n<p>Ao todo, 9 milh\u00f5es de hectares em 24 territ\u00f3rios s\u00e3o contemplados em estrat\u00e9gias de conserva\u00e7\u00e3o, alavancando iniciativas para reduzir as amea\u00e7as e melhorar o estado de conserva\u00e7\u00e3o de pelo menos 290 esp\u00e9cies criticamente em perigo e que n\u00e3o contam com nenhum instrumento de conserva\u00e7\u00e3o.<\/p>\n<p>O Pr\u00f3-Esp\u00e9cies \u00e9 financiado pelo Fundo Mundial para o Meio Ambiente (GEF, da sigla em ingl\u00eas para Global Environment Facility Trust Fund), \u00e9 coordenado pelo Departamento de Esp\u00e9cies (DESP\/MMA) e implementado pelo Fundo Brasileiro para a Biodiversidade (Funbio), sendo o WWF-Brasil a ag\u00eancia executora.<\/p>\n<p><span style=\"font-weight: 400;\">Fonte: Ag\u00eancia Brasil <\/span><\/p>\n","protected":false},"excerpt":{"rendered":"<p>Mais de 200 esp\u00e9cies de fauna e flora, criticamente em perigo de extin\u00e7\u00e3o nos estados de Minas Gerais e do Esp\u00edrito Santo, passam a contar com mais um instrumento de prote\u00e7\u00e3o: o Plano de A\u00e7\u00e3o Territorial para Conserva\u00e7\u00e3o de Esp\u00e9cies Amea\u00e7adas de Extin\u00e7\u00e3o do Territ\u00f3rio Capixaba-Gerais (PAT Capixaba-Gerais). A estrat\u00e9gia faz parte do Programa Nacional [&hellip;]<\/p>\n","protected":false},"author":246,"featured_media":193405,"comment_status":"closed","ping_status":"closed","sticky":false,"template":"","format":"standard","meta":{"footnotes":""},"categories":[436,254,439],"tags":[],"class_list":["post-193404","post","type-post","status-publish","format-standard","has-post-thumbnail","hentry","category-destaque-da-semana","category-politica","category-ultima-hora"],"_links":{"self":[{"href":"https:\/\/diarioregionaldigital.com.br\/index.php?rest_route=\/wp\/v2\/posts\/193404","targetHints":{"allow":["GET"]}}],"collection":[{"href":"https:\/\/diarioregionaldigital.com.br\/index.php?rest_route=\/wp\/v2\/posts"}],"about":[{"href":"https:\/\/diarioregionaldigital.com.br\/index.php?rest_route=\/wp\/v2\/types\/post"}],"author":[{"embeddable":true,"href":"https:\/\/diarioregionaldigital.com.br\/index.php?rest_route=\/wp\/v2\/users\/246"}],"replies":[{"embeddable":true,"href":"https:\/\/diarioregionaldigital.com.br\/index.php?rest_route=%2Fwp%2Fv2%2Fcomments&post=193404"}],"version-history":[{"count":1,"href":"https:\/\/diarioregionaldigital.com.br\/index.php?rest_route=\/wp\/v2\/posts\/193404\/revisions"}],"predecessor-version":[{"id":193406,"href":"https:\/\/diarioregionaldigital.com.br\/index.php?rest_route=\/wp\/v2\/posts\/193404\/revisions\/193406"}],"wp:featuredmedia":[{"embeddable":true,"href":"https:\/\/diarioregionaldigital.com.br\/index.php?rest_route=\/wp\/v2\/media\/193405"}],"wp:attachment":[{"href":"https:\/\/diarioregionaldigital.com.br\/index.php?rest_route=%2Fwp%2Fv2%2Fmedia&parent=193404"}],"wp:term":[{"taxonomy":"category","embeddable":true,"href":"https:\/\/diarioregionaldigital.com.br\/index.php?rest_route=%2Fwp%2Fv2%2Fcategories&post=193404"},{"taxonomy":"post_tag","embeddable":true,"href":"https:\/\/diarioregionaldigital.com.br\/index.php?rest_route=%2Fwp%2Fv2%2Ftags&post=193404"}],"curies":[{"name":"wp","href":"https:\/\/api.w.org\/{rel}","templated":true}]}}