{"id":193398,"date":"2022-01-07T15:30:13","date_gmt":"2022-01-07T18:30:13","guid":{"rendered":"https:\/\/diarioregionaldigital.com.br\/?p=193398"},"modified":"2022-01-07T15:30:13","modified_gmt":"2022-01-07T18:30:13","slug":"governo-intensifica-acoes-para-corrigir-estragos-causados-pelas-chuvas-em-estradas-mineiras","status":"publish","type":"post","link":"https:\/\/diarioregionaldigital.com.br\/?p=193398","title":{"rendered":"Governo intensifica a\u00e7\u00f5es para corrigir estragos causados pelas chuvas em estradas mineiras"},"content":{"rendered":"<p>O\u00a0<a href=\"https:\/\/www.mg.gov.br\/\" target=\"_blank\" rel=\"noopener\">Governo de Minas<\/a>, por meio da\u00a0<a href=\"http:\/\/www.infraestrutura.mg.gov.br\/\" target=\"_blank\" rel=\"noopener\">Secretaria de Estado de Infraestrutura e Mobilidade (Seinfra)<\/a>\u00a0e do\u00a0<a href=\"http:\/\/www.der.mg.gov.br\/\" target=\"_blank\" rel=\"noopener\">Departamento de Edifica\u00e7\u00f5es e Estradas de Rodagem (DER-MG)<\/a>, tem atuado de forma constante no enfrentamento aos problemas causados pelas chuvas que t\u00eam atingido o estado nas \u00faltimas semanas.<\/p>\n<p>O processo de doa\u00e7\u00e3o de materiais como vigas met\u00e1licas, bueiros e mata-burros foi intensificado e simplificado com as orienta\u00e7\u00f5es rec\u00e9m-publicadas, focadas principalmente nos munic\u00edpios em estado de calamidade ou situa\u00e7\u00e3o de emerg\u00eancia.<\/p>\n<p>Um exemplo \u00e9 o munic\u00edpio de Salto da Divisa, na fronteira com o estado da Bahia, que tem sofrido com as chuvas e foi atendido com a doa\u00e7\u00e3o de 16 metros de bueiros met\u00e1licos.<\/p>\n<p>Desde 2019, foram doados 29 conjuntos de vigas, 1.072 metros de bueiros e 2.235 mata-burros a 211 munic\u00edpios mineiros, principalmente para a manuten\u00e7\u00e3o e conserva\u00e7\u00e3o de estradas vicinais de rota escolar e de escoamento de produ\u00e7\u00e3o.<\/p>\n<p><strong>Demandas\u00a0<\/strong><\/p>\n<p>Al\u00e9m disso, os materiais tamb\u00e9m s\u00e3o utilizados para atendimento a demandas emergenciais do pr\u00f3prio DER-MG, para restabelecimento do fluxo nas estradas mais afetadas pelas chuvas.<\/p>\n<p>&#8220;Nossas equipes est\u00e3o empenhadas em atender com agilidade as demandas de doa\u00e7\u00f5es de materiais e os munic\u00edpios mais atingidos pelas chuvas s\u00e3o a prioridade. Em 2020, conseguimos atender mais de 200 prefeituras e continuamos \u00e0 disposi\u00e7\u00e3o para ajudar as regi\u00f5es que precisam do nosso apoio nesse momento&#8221;, afirma o secret\u00e1rio de Infraestrutura e Mobilidade, Fernando Marcato.<\/p>\n<p>Os detalhes sobre o decreto de doa\u00e7\u00f5es de materiais podem ser acessados\u00a0<a href=\"http:\/\/transportes.mg.gov.br\/municipio\/doacoes\" target=\"_blank\" rel=\"noopener\">neste link<\/a>.<\/p>\n<p><strong>Atua\u00e7\u00f5es nas rodovias<\/strong><\/p>\n<p>As equipes de manuten\u00e7\u00e3o do DER, principalmente as localizadas nas cidades polo de Montes Claros, Bras\u00edlia de Minas, Jequitinhonha, Governador Valadares, Pedra Azul, Te\u00f3filo Otoni, Jana\u00faba, Salinas e Capelinha, permanecem em regime de plant\u00e3o junto \u00e0s Defesa Civil Estadual e Municipal no atendimento \u00e0s ocorr\u00eancias. Desde o in\u00edcio do per\u00edodo chuvoso, mais de 150 ocorr\u00eancias j\u00e1 foram atendidas nas estradas afetadas.<\/p>\n<p>Durante curtos per\u00edodos de estiagem, os agentes promoveram a retirada de barreiras, corrigiram eros\u00f5es de aterros, taludes e no encabe\u00e7amento de ponte, al\u00e9m de atuarem com medidas emergenciais em estradas n\u00e3o pavimentadas e na realiza\u00e7\u00e3o de sinaliza\u00e7\u00e3o de desvios e corre\u00e7\u00f5es em rodovias pavimentadas.<\/p>\n<p>O trabalho n\u00e3o para por a\u00ed. As equipes tamb\u00e9m t\u00eam atuado em pontos com rompimento de pista e refor\u00e7ado a fiscaliza\u00e7\u00e3o da restri\u00e7\u00e3o de peso em pontes, no intuito de garantir a seguran\u00e7a de quem trafega pelas estradas mineiras durante o per\u00edodo chuvoso.<\/p>\n<p>Um exemplo dessa atua\u00e7\u00e3o ocorre na MGC-342, no trecho entre Salinas e Coronel Murta, no qual 11 pontos passam por limpezas de pista, com a remo\u00e7\u00e3o de barreiras e \u00e1rvores; al\u00e9m da corre\u00e7\u00e3o de duas eros\u00f5es.<\/p>\n<p>J\u00e1 na Regional Ara\u00e7ua\u00ed, entre Virgem da Lapa a Ijicatu, as rodovias CMG-367, MG-114 e LMG-677 registraram 36 quedas de barreiras e quase todas j\u00e1 foram retiradas pelas equipes.<\/p>\n<p>Al\u00e9m de monitorar a malha rodovi\u00e1ria estadual pavimentada e a n\u00e3o pavimentada, equipes de manuten\u00e7\u00e3o do DER tamb\u00e9m trabalham junto \u00e0s prefeituras na desobstru\u00e7\u00e3o de rodovias vicinais, que s\u00e3o aquelas que interligam o munic\u00edpio aos distritos e localidades.<\/p>\n<p><span style=\"font-weight: 400;\"><br \/>\n<\/span><span style=\"font-weight: 400;\">Fonte: Ag\u00eancia Brasil <\/span><\/p>\n","protected":false},"excerpt":{"rendered":"<p>O\u00a0Governo de Minas, por meio da\u00a0Secretaria de Estado de Infraestrutura e Mobilidade (Seinfra)\u00a0e do\u00a0Departamento de Edifica\u00e7\u00f5es e Estradas de Rodagem (DER-MG), tem atuado de forma constante no enfrentamento aos problemas causados pelas chuvas que t\u00eam atingido o estado nas \u00faltimas semanas. O processo de doa\u00e7\u00e3o de materiais como vigas met\u00e1licas, bueiros e mata-burros foi intensificado [&hellip;]<\/p>\n","protected":false},"author":246,"featured_media":193399,"comment_status":"closed","ping_status":"closed","sticky":false,"template":"","format":"standard","meta":{"footnotes":""},"categories":[436,254,439],"tags":[],"class_list":["post-193398","post","type-post","status-publish","format-standard","has-post-thumbnail","hentry","category-destaque-da-semana","category-politica","category-ultima-hora"],"_links":{"self":[{"href":"https:\/\/diarioregionaldigital.com.br\/index.php?rest_route=\/wp\/v2\/posts\/193398","targetHints":{"allow":["GET"]}}],"collection":[{"href":"https:\/\/diarioregionaldigital.com.br\/index.php?rest_route=\/wp\/v2\/posts"}],"about":[{"href":"https:\/\/diarioregionaldigital.com.br\/index.php?rest_route=\/wp\/v2\/types\/post"}],"author":[{"embeddable":true,"href":"https:\/\/diarioregionaldigital.com.br\/index.php?rest_route=\/wp\/v2\/users\/246"}],"replies":[{"embeddable":true,"href":"https:\/\/diarioregionaldigital.com.br\/index.php?rest_route=%2Fwp%2Fv2%2Fcomments&post=193398"}],"version-history":[{"count":1,"href":"https:\/\/diarioregionaldigital.com.br\/index.php?rest_route=\/wp\/v2\/posts\/193398\/revisions"}],"predecessor-version":[{"id":193400,"href":"https:\/\/diarioregionaldigital.com.br\/index.php?rest_route=\/wp\/v2\/posts\/193398\/revisions\/193400"}],"wp:featuredmedia":[{"embeddable":true,"href":"https:\/\/diarioregionaldigital.com.br\/index.php?rest_route=\/wp\/v2\/media\/193399"}],"wp:attachment":[{"href":"https:\/\/diarioregionaldigital.com.br\/index.php?rest_route=%2Fwp%2Fv2%2Fmedia&parent=193398"}],"wp:term":[{"taxonomy":"category","embeddable":true,"href":"https:\/\/diarioregionaldigital.com.br\/index.php?rest_route=%2Fwp%2Fv2%2Fcategories&post=193398"},{"taxonomy":"post_tag","embeddable":true,"href":"https:\/\/diarioregionaldigital.com.br\/index.php?rest_route=%2Fwp%2Fv2%2Ftags&post=193398"}],"curies":[{"name":"wp","href":"https:\/\/api.w.org\/{rel}","templated":true}]}}