{"id":193395,"date":"2022-01-07T15:24:07","date_gmt":"2022-01-07T18:24:07","guid":{"rendered":"https:\/\/diarioregionaldigital.com.br\/?p=193395"},"modified":"2022-01-07T15:24:07","modified_gmt":"2022-01-07T18:24:07","slug":"minas-gerais-quer-vacinar-18-milhao-de-criancas-contra-a-covid-ate-o-fim-de-marco","status":"publish","type":"post","link":"https:\/\/diarioregionaldigital.com.br\/?p=193395","title":{"rendered":"Minas Gerais quer vacinar 1,8 milh\u00e3o de crian\u00e7as contra a covid at\u00e9 o fim de mar\u00e7o"},"content":{"rendered":"<p>O\u00a0<a href=\"http:\/\/www.mg.gov.br\/\" target=\"_blank\" rel=\"noopener\">Governo de Minas<\/a>\u00a0j\u00e1 est\u00e1 preparado para receber e fazer a distribui\u00e7\u00e3o das vacinas contra a covid-19 para o p\u00fablico infantil. A previs\u00e3o \u00e9 a de receber 370 mil doses ainda neste m\u00eas. A chegada das primeiras remessas no Brasil est\u00e1 prevista para os dias 13, 20 e 27\/1. Em seguida elas s\u00e3o distribu\u00eddas aos estados. A informa\u00e7\u00e3o foi divulgada pelo secret\u00e1rio de Estado de\u00a0<a href=\"http:\/\/www.saude.mg.gov.br\/\" target=\"_blank\" rel=\"noopener\">Sa\u00fade<\/a>, o m\u00e9dico F\u00e1bio Baccheretti, durante coletiva de imprensa nesta quinta-feira (6\/1) na Cidade Administrativa, em Belo Horizonte.<\/p>\n<p>De acordo com o secret\u00e1rio, o universo de crian\u00e7as de 5 a 11 anos em Minas \u00e9 da ordem de 1,8 milh\u00e3o. A expectativa \u00e9 a de que todas elas recebam a primeira dose do imunizante at\u00e9 o final de mar\u00e7o. \u201cEspero que pais e respons\u00e1veis levem as crian\u00e7as para vacinar contra a covid. N\u00e3o h\u00e1 nenhuma d\u00favida em rela\u00e7\u00e3o \u00e0 seguran\u00e7a da vacina e n\u00e3o haver\u00e1 nenhum tipo de documento obrigat\u00f3rio, como prescri\u00e7\u00e3o m\u00e9dica\u201d, alertou Baccheretti.<\/p>\n<p><strong>Solu\u00e7\u00e3o<\/strong><\/p>\n<p>Segundo dados do\u00a0<a href=\"https:\/\/coronavirus.saude.mg.gov.br\/vacinometro\" target=\"_blank\" rel=\"noopener\">Vacin\u00f4metro<\/a>, Minas ultrapassou a marca de 85% das pessoas com 12 anos ou mais com as duas doses ou dose \u00fanica. J\u00e1 o refor\u00e7o foi tomado por\u00a016,46%. No entanto, muitos mineiros ainda est\u00e3o com o cart\u00e3o vacinal atrasado.<\/p>\n<p>\u201cMinas est\u00e1 entre os estados que melhor vacinou a popula\u00e7\u00e3o, com mais de 35 milh\u00f5es de doses aplicadas. E temos doses dispon\u00edveis para toda a popula\u00e7\u00e3o acima de 12 anos. \u00c9 importante que todos tomem a vacina quando chegar a sua vez\u201d, afirmou.<\/p>\n<p>Segundo ele, um estudo da SES demonstrou que o risco de algu\u00e9m que n\u00e3o se vacinou pegar a doen\u00e7a e vir a \u00f3bito \u00e9 11 vezes maior que aquela pessoa que tomou as duas doses. \u201cOu seja, quem n\u00e3o tomou a vacina n\u00e3o tenha d\u00favida: tome a vacina, porque \u00e9 a \u00fanica solu\u00e7\u00e3o para a pandemia\u201d, disse.<\/p>\n<p><main class=\"clear margin-md-bottom-3\"><\/p>\n<div class=\"clear \">\n<p><strong>Pandemia<\/strong><\/p>\n<p>Sobre o cen\u00e1rio da pandemia em Minas, F\u00e1bio Baccheretti explicou que, apesar do avan\u00e7o r\u00e1pido da \u00d4micron, existe uma tend\u00eancia de redu\u00e7\u00e3o de casos graves e de \u00f3bitos causados por covid-19, mais uma prova da efic\u00e1cia da vacina.<\/p>\n<p>\u201cNo entanto, teremos uma tend\u00eancia de aumento de novos casos, especialmente por causa das aglomera\u00e7\u00f5es de final de ano, maior incid\u00eancia \u00d4micron, que \u00e9 mais transmiss\u00edvel, e em fun\u00e7\u00e3o do relaxamento das medidas de cuidado, como o uso de m\u00e1scaras. N\u00e3o \u00e9 hora de baixar a guarda. Tudo isso vai passar\u201d, ressaltou.<\/p>\n<p><strong>Gripe<\/strong><\/p>\n<p>Sobre o aumento do n\u00famero de casos de gripe, F\u00e1bio Baccheretti explicou que trata-se de um adiantamento da sazonalidade da doen\u00e7a. Segundo ele, a expectativa era de um cen\u00e1rio em fevereiro e mar\u00e7o, mas que antecipou para dezembro e janeiro.<\/p>\n<p>\u201cA gripe n\u00e3o mudou o seu cen\u00e1rio em rela\u00e7\u00e3o a letalidade e gravidade. Continuamos internando, proporcionalmente, poucas pessoas. Mas \u00e9 importante ressaltar que os cuidados com a gripe e a covid s\u00e3o os mesmos, como o uso de m\u00e1scaras e higieniza\u00e7\u00e3o das m\u00e3os. Quem tiver sintomas gripal deve buscar, preferencialmente, o posto de sa\u00fade e evitar as urg\u00eancias para que aqueles locais estejam preparados para receber os casos mais graves\u201d, disse.<\/p>\n<p><span style=\"font-weight: 400;\">Fonte: Ag\u00eancia Brasil <\/span><\/p>\n<\/div>\n<p><\/main><\/p>\n","protected":false},"excerpt":{"rendered":"<p>O\u00a0Governo de Minas\u00a0j\u00e1 est\u00e1 preparado para receber e fazer a distribui\u00e7\u00e3o das vacinas contra a covid-19 para o p\u00fablico infantil. A previs\u00e3o \u00e9 a de receber 370 mil doses ainda neste m\u00eas. A chegada das primeiras remessas no Brasil est\u00e1 prevista para os dias 13, 20 e 27\/1. Em seguida elas s\u00e3o distribu\u00eddas aos estados. [&hellip;]<\/p>\n","protected":false},"author":246,"featured_media":193396,"comment_status":"closed","ping_status":"closed","sticky":false,"template":"","format":"standard","meta":{"footnotes":""},"categories":[436,440,254,439],"tags":[],"class_list":["post-193395","post","type-post","status-publish","format-standard","has-post-thumbnail","hentry","category-destaque-da-semana","category-destaques-do-dia","category-politica","category-ultima-hora"],"_links":{"self":[{"href":"https:\/\/diarioregionaldigital.com.br\/index.php?rest_route=\/wp\/v2\/posts\/193395","targetHints":{"allow":["GET"]}}],"collection":[{"href":"https:\/\/diarioregionaldigital.com.br\/index.php?rest_route=\/wp\/v2\/posts"}],"about":[{"href":"https:\/\/diarioregionaldigital.com.br\/index.php?rest_route=\/wp\/v2\/types\/post"}],"author":[{"embeddable":true,"href":"https:\/\/diarioregionaldigital.com.br\/index.php?rest_route=\/wp\/v2\/users\/246"}],"replies":[{"embeddable":true,"href":"https:\/\/diarioregionaldigital.com.br\/index.php?rest_route=%2Fwp%2Fv2%2Fcomments&post=193395"}],"version-history":[{"count":1,"href":"https:\/\/diarioregionaldigital.com.br\/index.php?rest_route=\/wp\/v2\/posts\/193395\/revisions"}],"predecessor-version":[{"id":193397,"href":"https:\/\/diarioregionaldigital.com.br\/index.php?rest_route=\/wp\/v2\/posts\/193395\/revisions\/193397"}],"wp:featuredmedia":[{"embeddable":true,"href":"https:\/\/diarioregionaldigital.com.br\/index.php?rest_route=\/wp\/v2\/media\/193396"}],"wp:attachment":[{"href":"https:\/\/diarioregionaldigital.com.br\/index.php?rest_route=%2Fwp%2Fv2%2Fmedia&parent=193395"}],"wp:term":[{"taxonomy":"category","embeddable":true,"href":"https:\/\/diarioregionaldigital.com.br\/index.php?rest_route=%2Fwp%2Fv2%2Fcategories&post=193395"},{"taxonomy":"post_tag","embeddable":true,"href":"https:\/\/diarioregionaldigital.com.br\/index.php?rest_route=%2Fwp%2Fv2%2Ftags&post=193395"}],"curies":[{"name":"wp","href":"https:\/\/api.w.org\/{rel}","templated":true}]}}