{"id":193392,"date":"2022-01-07T14:52:13","date_gmt":"2022-01-07T17:52:13","guid":{"rendered":"https:\/\/diarioregionaldigital.com.br\/?p=193392"},"modified":"2022-01-07T14:52:13","modified_gmt":"2022-01-07T17:52:13","slug":"poupanca-tem-retirada-liquida-de-r-355-bi-em-2021","status":"publish","type":"post","link":"https:\/\/diarioregionaldigital.com.br\/?p=193392","title":{"rendered":"Poupan\u00e7a tem retirada l\u00edquida de R$ 35,5 bi em 2021"},"content":{"rendered":"<p>Pressionada pelo fim do aux\u00edlio emergencial, pelos rendimentos baixos e pelo endividamento maior dos brasileiros, a caderneta de poupan\u00e7a registrou, em 2021, a terceira maior retirada l\u00edquida da hist\u00f3ria. No ano passado, os investidores sacaram R$ 35,5 bilh\u00f5es a mais do que depositaram, informou hoje (6) o Banco Central (BC).<img decoding=\"async\" src=\"https:\/\/agenciabrasil.ebc.com.br\/ebc.png?id=1435595&amp;o=node\" \/><img decoding=\"async\" src=\"https:\/\/agenciabrasil.ebc.com.br\/ebc.gif?id=1435595&amp;o=node\" \/><\/p>\n<p>A retirada l\u00edquida \u2013 diferen\u00e7a entre saques e dep\u00f3sitos \u2013 s\u00f3 n\u00e3o foi maior que a registrada em 2015 (R$ 53,57 bilh\u00f5es) e em 2016 (R$ 40,7 bilh\u00f5es). Naqueles anos, a forte crise econ\u00f4mica levou os brasileiros a sacarem recursos da aplica\u00e7\u00e3o.<\/p>\n<p>Em 2020, a caderneta tinha registrado capita\u00e7\u00e3o l\u00edquida \u2013 diferen\u00e7a entre dep\u00f3sitos e retiradas \u2013 recorde de R$ 166,31 bilh\u00f5es. No ano retrasado, o pagamento do aux\u00edlio emergencial de R$ 600, depositado em contas poupan\u00e7a digitais, inflou o saldo da poupan\u00e7a. A instabilidade no mercado financeiro no in\u00edcio da pandemia de covid-19 tamb\u00e9m aumentou temporariamente as aplica\u00e7\u00f5es na caderneta.<\/p>\n<p>Apesar do resultado negativo no ano, em dezembro, os brasileiros depositaram R$ 7,66 bilh\u00f5es a mais do que sacaram da poupan\u00e7a. O valor \u00e9 62,8% menor que a capta\u00e7\u00e3o l\u00edquida de R$ 20,6 bilh\u00f5es registrada em dezembro de 2020. Tradicionalmente, os brasileiros depositam mais na caderneta em dezembro, por causa do pagamento da segunda metade do d\u00e9cimo terceiro sal\u00e1rio.<\/p>\n<p>A aplica\u00e7\u00e3o come\u00e7ou 2021 no vermelho. De janeiro a mar\u00e7o, os brasileiros retiraram R$ 27,54 bilh\u00f5es a mais do que depositaram, influenciado pelo fim do aux\u00edlio emergencial. Com o pagamento da segunda rodada do benef\u00edcio, a situa\u00e7\u00e3o mudou. Os dep\u00f3sitos superaram os saques de abril a julho.<\/p>\n<p>A partir de agosto, a caderneta voltou a registrar mais retiradas que dep\u00f3sitos. Mesmo com a continuidade do pagamento do aux\u00edlio emergencial at\u00e9 outubro, os brasileiros continuaram a sacar. O rendimento abaixo da infla\u00e7\u00e3o acarretou a migra\u00e7\u00e3o para outras aplica\u00e7\u00f5es. Ao mesmo tempo, a alta do endividamento das fam\u00edlias levou a saques para compensar despesas urgentes.<\/p>\n<h2>Rendimento<\/h2>\n<p>At\u00e9 o in\u00edcio de dezembro, a poupan\u00e7a rendia 70% da Taxa Selic (juros b\u00e1sicos da economia). No m\u00eas passado, a aplica\u00e7\u00e3o passou a render o equivalente \u00e0 taxa referencial (TR) mais 6,17% ao ano, porque a Selic voltou a ficar acima de 8,5% ao ano. Atualmente, os juros b\u00e1sicos est\u00e3o em 9,25% ao ano.<\/p>\n<p>O aumento dos juros, no entanto, foi insuficiente para fazer a poupan\u00e7a render mais que a infla\u00e7\u00e3o. Em 2021, a aplica\u00e7\u00e3o rendeu 2,99%, segundo o Banco Central. No mesmo per\u00edodo, o \u00cdndice Nacional de Pre\u00e7os ao Consumidor-15 (IPCA-15), que funciona como pr\u00e9via da infla\u00e7\u00e3o oficial,\u00a0<a href=\"https:\/\/agenciabrasil.ebc.com.br\/economia\/noticia\/2021-12\/previa-da-inflacao-oficial-fecha-ano-em-1042-0\" target=\"_blank\" rel=\"noopener\">atingiu 10,42%<\/a>. O IPCA cheio de 2020 ser\u00e1 divulgado na pr\u00f3xima ter\u00e7a-feira (11) pelo Instituto Brasileiro de Geografia e Estat\u00edstica (IBGE).<\/p>\n<p><span style=\"font-weight: 400;\">Fonte: Ag\u00eancia Brasil <\/span><\/p>\n","protected":false},"excerpt":{"rendered":"<p>Pressionada pelo fim do aux\u00edlio emergencial, pelos rendimentos baixos e pelo endividamento maior dos brasileiros, a caderneta de poupan\u00e7a registrou, em 2021, a terceira maior retirada l\u00edquida da hist\u00f3ria. No ano passado, os investidores sacaram R$ 35,5 bilh\u00f5es a mais do que depositaram, informou hoje (6) o Banco Central (BC). A retirada l\u00edquida \u2013 diferen\u00e7a [&hellip;]<\/p>\n","protected":false},"author":246,"featured_media":193393,"comment_status":"closed","ping_status":"closed","sticky":false,"template":"","format":"standard","meta":{"footnotes":""},"categories":[436,261,439],"tags":[],"class_list":["post-193392","post","type-post","status-publish","format-standard","has-post-thumbnail","hentry","category-destaque-da-semana","category-economia","category-ultima-hora"],"_links":{"self":[{"href":"https:\/\/diarioregionaldigital.com.br\/index.php?rest_route=\/wp\/v2\/posts\/193392","targetHints":{"allow":["GET"]}}],"collection":[{"href":"https:\/\/diarioregionaldigital.com.br\/index.php?rest_route=\/wp\/v2\/posts"}],"about":[{"href":"https:\/\/diarioregionaldigital.com.br\/index.php?rest_route=\/wp\/v2\/types\/post"}],"author":[{"embeddable":true,"href":"https:\/\/diarioregionaldigital.com.br\/index.php?rest_route=\/wp\/v2\/users\/246"}],"replies":[{"embeddable":true,"href":"https:\/\/diarioregionaldigital.com.br\/index.php?rest_route=%2Fwp%2Fv2%2Fcomments&post=193392"}],"version-history":[{"count":1,"href":"https:\/\/diarioregionaldigital.com.br\/index.php?rest_route=\/wp\/v2\/posts\/193392\/revisions"}],"predecessor-version":[{"id":193394,"href":"https:\/\/diarioregionaldigital.com.br\/index.php?rest_route=\/wp\/v2\/posts\/193392\/revisions\/193394"}],"wp:featuredmedia":[{"embeddable":true,"href":"https:\/\/diarioregionaldigital.com.br\/index.php?rest_route=\/wp\/v2\/media\/193393"}],"wp:attachment":[{"href":"https:\/\/diarioregionaldigital.com.br\/index.php?rest_route=%2Fwp%2Fv2%2Fmedia&parent=193392"}],"wp:term":[{"taxonomy":"category","embeddable":true,"href":"https:\/\/diarioregionaldigital.com.br\/index.php?rest_route=%2Fwp%2Fv2%2Fcategories&post=193392"},{"taxonomy":"post_tag","embeddable":true,"href":"https:\/\/diarioregionaldigital.com.br\/index.php?rest_route=%2Fwp%2Fv2%2Ftags&post=193392"}],"curies":[{"name":"wp","href":"https:\/\/api.w.org\/{rel}","templated":true}]}}