{"id":193389,"date":"2022-01-07T14:50:35","date_gmt":"2022-01-07T17:50:35","guid":{"rendered":"https:\/\/diarioregionaldigital.com.br\/?p=193389"},"modified":"2022-01-07T14:50:35","modified_gmt":"2022-01-07T17:50:35","slug":"material-escolar-pode-variar-ate-381-entre-lojas-diz-procon-sp","status":"publish","type":"post","link":"https:\/\/diarioregionaldigital.com.br\/?p=193389","title":{"rendered":"Material escolar pode variar at\u00e9 381% entre lojas, diz Procon-SP"},"content":{"rendered":"<p>O pre\u00e7o de uma caixa de massa de modelar de seis cores, de uma mesma marca, pode variar at\u00e9 381,11% entre uma loja e outra na internet. Isso \u00e9 o que apontou uma pesquisa feita pela Funda\u00e7\u00e3o Procon de S\u00e3o Paulo em oito\u00a0<em>sites<\/em>\u00a0de compras no Brasil. Em uma dessas lojas analisadas pelo Procon, o produto custava R$ 2,70. Em outra, o mesmo produto era vendido por R$ 12,99.<img decoding=\"async\" src=\"https:\/\/agenciabrasil.ebc.com.br\/ebc.png?id=1435613&amp;o=node\" \/><img decoding=\"async\" src=\"https:\/\/agenciabrasil.ebc.com.br\/ebc.gif?id=1435613&amp;o=node\" \/><\/p>\n<p>A pesquisa foi feita entre os dias 7 e 10 de dezembro do ano passado e analisou os pre\u00e7os de itens como apontador, borracha, caderno, canetas esferogr\u00e1ficas e hidrogr\u00e1ficas, colas em bast\u00e3o e l\u00edquida, giz de cera, estojo de l\u00e1pis de cor, l\u00e1pis preto, lapiseira, marca texto, massa de modelar, papel sulfite, refil para fich\u00e1rio, r\u00e9gua, tesoura escolar e tinta para pintura a dedo.<\/p>\n<p>Para a compara\u00e7\u00e3o, foram analisados somente produtos que eram vendidos em, ao menos, tr\u00eas dos sites visitados. Os sites que foram analisados na pesquisa s\u00e3o Amazon, Americanas, Gimba, Kalunga, Lepok, Livrarias Curitiba, Magazine Luiza e Papelaria Universit\u00e1ria.<\/p>\n<p>Em compara\u00e7\u00e3o com os pre\u00e7os que eram praticados entre os dias 17 e 19 de novembro de 2020, houve aumento m\u00e9dio de 15,96%, informou o Procon.<\/p>\n<h2>Dicas<\/h2>\n<p>Para economizar na compra do material escolar, a recomenda\u00e7\u00e3o do Procon \u00e9 que o consumidor procure reaproveitar materiais que tem em casa ou que fa\u00e7a uma pesquisa de pre\u00e7os antes da compra. Al\u00e9m disso, o Procon recomenda que seja promovida uma troca de livros did\u00e1ticos entre os alunos.<\/p>\n<p>\u201cA diferen\u00e7a de pre\u00e7o chega a ser escandalosa, o consumidor precisa pesquisar antes de fazer sua compra. Mais do que nunca \u00e9 preciso unir for\u00e7as e quando os pais se juntam, o poder de compra aumenta muito. Com isso \u00e9 poss\u00edvel negociar melhores valores e todo mundo sai ganhando. N\u00e3o aceite pre\u00e7os abusivos, busque outros estabelecimentos, fa\u00e7a compras online, mas n\u00e3o pague al\u00e9m do que a m\u00e9dia praticada pelo mercado. A pesquisa que realizamos serve justamente para ajudar o consumidor nessa miss\u00e3o de encontrar os produtos com os melhores pre\u00e7os\u201d, disse Fernando Capez, diretor do Procon-SP.<\/p>\n<p>Segundo o Procon, o consumidor tamb\u00e9m deve estar atento: a lista de material escolar n\u00e3o pode incluir a compra de material de uso coletivo, como de higiene ou de limpeza, por exemplo.<\/p>\n<p><span style=\"font-weight: 400;\">Fonte: Ag\u00eancia Brasil <\/span><\/p>\n","protected":false},"excerpt":{"rendered":"<p>O pre\u00e7o de uma caixa de massa de modelar de seis cores, de uma mesma marca, pode variar at\u00e9 381,11% entre uma loja e outra na internet. Isso \u00e9 o que apontou uma pesquisa feita pela Funda\u00e7\u00e3o Procon de S\u00e3o Paulo em oito\u00a0sites\u00a0de compras no Brasil. Em uma dessas lojas analisadas pelo Procon, o produto [&hellip;]<\/p>\n","protected":false},"author":246,"featured_media":193390,"comment_status":"closed","ping_status":"closed","sticky":false,"template":"","format":"standard","meta":{"footnotes":""},"categories":[436,261,439],"tags":[],"class_list":["post-193389","post","type-post","status-publish","format-standard","has-post-thumbnail","hentry","category-destaque-da-semana","category-economia","category-ultima-hora"],"_links":{"self":[{"href":"https:\/\/diarioregionaldigital.com.br\/index.php?rest_route=\/wp\/v2\/posts\/193389","targetHints":{"allow":["GET"]}}],"collection":[{"href":"https:\/\/diarioregionaldigital.com.br\/index.php?rest_route=\/wp\/v2\/posts"}],"about":[{"href":"https:\/\/diarioregionaldigital.com.br\/index.php?rest_route=\/wp\/v2\/types\/post"}],"author":[{"embeddable":true,"href":"https:\/\/diarioregionaldigital.com.br\/index.php?rest_route=\/wp\/v2\/users\/246"}],"replies":[{"embeddable":true,"href":"https:\/\/diarioregionaldigital.com.br\/index.php?rest_route=%2Fwp%2Fv2%2Fcomments&post=193389"}],"version-history":[{"count":1,"href":"https:\/\/diarioregionaldigital.com.br\/index.php?rest_route=\/wp\/v2\/posts\/193389\/revisions"}],"predecessor-version":[{"id":193391,"href":"https:\/\/diarioregionaldigital.com.br\/index.php?rest_route=\/wp\/v2\/posts\/193389\/revisions\/193391"}],"wp:featuredmedia":[{"embeddable":true,"href":"https:\/\/diarioregionaldigital.com.br\/index.php?rest_route=\/wp\/v2\/media\/193390"}],"wp:attachment":[{"href":"https:\/\/diarioregionaldigital.com.br\/index.php?rest_route=%2Fwp%2Fv2%2Fmedia&parent=193389"}],"wp:term":[{"taxonomy":"category","embeddable":true,"href":"https:\/\/diarioregionaldigital.com.br\/index.php?rest_route=%2Fwp%2Fv2%2Fcategories&post=193389"},{"taxonomy":"post_tag","embeddable":true,"href":"https:\/\/diarioregionaldigital.com.br\/index.php?rest_route=%2Fwp%2Fv2%2Ftags&post=193389"}],"curies":[{"name":"wp","href":"https:\/\/api.w.org\/{rel}","templated":true}]}}