{"id":193386,"date":"2022-01-07T14:48:49","date_gmt":"2022-01-07T17:48:49","guid":{"rendered":"https:\/\/diarioregionaldigital.com.br\/?p=193386"},"modified":"2022-01-07T14:48:49","modified_gmt":"2022-01-07T17:48:49","slug":"dolar-cai-para-r-568-com-mercado-externo-mais-tranquilo","status":"publish","type":"post","link":"https:\/\/diarioregionaldigital.com.br\/?p=193386","title":{"rendered":"D\u00f3lar cai para R$ 5,68 com mercado externo mais tranquilo"},"content":{"rendered":"<p>Ap\u00f3s v\u00e1rios dias seguidos de tens\u00e3o, o mercado financeiro teve uma sess\u00e3o marcada pela tr\u00e9gua. O d\u00f3lar caiu para abaixo de R$ 5,70, apesar de registrar volatilidade no in\u00edcio do dia. A bolsa de valores teve a primeira alta do ano.<img decoding=\"async\" src=\"https:\/\/agenciabrasil.ebc.com.br\/ebc.png?id=1435657&amp;o=node\" \/><img decoding=\"async\" src=\"https:\/\/agenciabrasil.ebc.com.br\/ebc.gif?id=1435657&amp;o=node\" \/><\/p>\n<p>O d\u00f3lar comercial encerrou esta quinta-feira (6) vendido a R$ 5,68, com recuo de R$ 0,032 (0,56%). A cota\u00e7\u00e3o alternou altas e baixas durante a manh\u00e3, chegando a R$ 5,72 na m\u00e1xima do dia, por volta das 12h, mas firmou tend\u00eancia de queda ao longo da tarde.<\/p>\n<p>No mercado de a\u00e7\u00f5es, o dia foi marcado pela recupera\u00e7\u00e3o. O \u00edndice Ibovespa, da B3, fechou aos 101.561 pontos, com alta de 0,55%. A alta foi puxada por empresas de minera\u00e7\u00e3o, beneficiadas pela valoriza\u00e7\u00e3o do min\u00e9rio de ferro no mercado externo.<\/p>\n<p>O indicador tamb\u00e9m reagiu ao desempenho das bolsas norte-americanas. Um dia depois do tombo, os indicadores dos Estados Unidos pararam de cair e fecharam pr\u00f3ximo da estabilidade.<\/p>\n<p>O mercado financeiro global come\u00e7ou a primeira semana de 2022 com turbul\u00eancia internacional provocada pela divulga\u00e7\u00e3o da ata da \u00faltima reuni\u00e3o do Federal Reserve (Banco Central norte-americano). No encontro, realizado em 14 e 15 de dezembro, v\u00e1rios diretores do \u00f3rg\u00e3o indicaram que podem antecipar o aumento dos juros b\u00e1sicos nos Estados Unidos, que est\u00e3o no menor n\u00edvel da hist\u00f3ria desde o in\u00edcio da pandemia da covid-19.<\/p>\n<p>Taxas mais altas em economias avan\u00e7adas estimulam a fuga de recursos de pa\u00edses emergentes, como o Brasil. Os investidores aplicam o dinheiro em t\u00edtulos do Tesouro norte-americano, considerados a aplica\u00e7\u00e3o mais segura do planeta, pressionando a cota\u00e7\u00e3o do d\u00f3lar e a bolsa de valores em pa\u00edses em desenvolvimento.<\/p>\n<p><span style=\"font-weight: 400;\">Fonte: Ag\u00eancia Brasil <\/span><\/p>\n","protected":false},"excerpt":{"rendered":"<p>Ap\u00f3s v\u00e1rios dias seguidos de tens\u00e3o, o mercado financeiro teve uma sess\u00e3o marcada pela tr\u00e9gua. O d\u00f3lar caiu para abaixo de R$ 5,70, apesar de registrar volatilidade no in\u00edcio do dia. A bolsa de valores teve a primeira alta do ano. O d\u00f3lar comercial encerrou esta quinta-feira (6) vendido a R$ 5,68, com recuo de [&hellip;]<\/p>\n","protected":false},"author":246,"featured_media":193387,"comment_status":"closed","ping_status":"closed","sticky":false,"template":"","format":"standard","meta":{"footnotes":""},"categories":[436,261,439],"tags":[],"class_list":["post-193386","post","type-post","status-publish","format-standard","has-post-thumbnail","hentry","category-destaque-da-semana","category-economia","category-ultima-hora"],"_links":{"self":[{"href":"https:\/\/diarioregionaldigital.com.br\/index.php?rest_route=\/wp\/v2\/posts\/193386","targetHints":{"allow":["GET"]}}],"collection":[{"href":"https:\/\/diarioregionaldigital.com.br\/index.php?rest_route=\/wp\/v2\/posts"}],"about":[{"href":"https:\/\/diarioregionaldigital.com.br\/index.php?rest_route=\/wp\/v2\/types\/post"}],"author":[{"embeddable":true,"href":"https:\/\/diarioregionaldigital.com.br\/index.php?rest_route=\/wp\/v2\/users\/246"}],"replies":[{"embeddable":true,"href":"https:\/\/diarioregionaldigital.com.br\/index.php?rest_route=%2Fwp%2Fv2%2Fcomments&post=193386"}],"version-history":[{"count":1,"href":"https:\/\/diarioregionaldigital.com.br\/index.php?rest_route=\/wp\/v2\/posts\/193386\/revisions"}],"predecessor-version":[{"id":193388,"href":"https:\/\/diarioregionaldigital.com.br\/index.php?rest_route=\/wp\/v2\/posts\/193386\/revisions\/193388"}],"wp:featuredmedia":[{"embeddable":true,"href":"https:\/\/diarioregionaldigital.com.br\/index.php?rest_route=\/wp\/v2\/media\/193387"}],"wp:attachment":[{"href":"https:\/\/diarioregionaldigital.com.br\/index.php?rest_route=%2Fwp%2Fv2%2Fmedia&parent=193386"}],"wp:term":[{"taxonomy":"category","embeddable":true,"href":"https:\/\/diarioregionaldigital.com.br\/index.php?rest_route=%2Fwp%2Fv2%2Fcategories&post=193386"},{"taxonomy":"post_tag","embeddable":true,"href":"https:\/\/diarioregionaldigital.com.br\/index.php?rest_route=%2Fwp%2Fv2%2Ftags&post=193386"}],"curies":[{"name":"wp","href":"https:\/\/api.w.org\/{rel}","templated":true}]}}