{"id":193377,"date":"2022-01-06T15:23:28","date_gmt":"2022-01-06T18:23:28","guid":{"rendered":"https:\/\/diarioregionaldigital.com.br\/?p=193377"},"modified":"2022-01-06T15:23:28","modified_gmt":"2022-01-06T18:23:28","slug":"contratacoes-de-professores-pela-pjf-seguem-durante-a-semana-com-avaliacao-positiva","status":"publish","type":"post","link":"https:\/\/diarioregionaldigital.com.br\/?p=193377","title":{"rendered":"Contrata\u00e7\u00f5es de professores pela PJF seguem durante a semana com avalia\u00e7\u00e3o positiva"},"content":{"rendered":"<p>Segundo informa\u00e7\u00f5es do site da Prefeitura de Juiz de Fora, O ano come\u00e7ou com uma grande for\u00e7a-tarefa das secretarias de Recursos Humanos (SRH) e de Educa\u00e7\u00e3o (SE). Desde segunda-feira, 3, o Centro de Forma\u00e7\u00e3o do Professor (CFP), da SE, recebe professores regentes A (PR-A) aprovados no processo seletivo para contrata\u00e7\u00e3o tempor\u00e1ria para atua\u00e7\u00e3o no ano letivo de 2022 na rede municipal de ensino (Edital n\u00ba 442-SRH).<\/p>\n<p>A professora Ivana Carvalho, atuando na rede municipal de ensino desde 2014, avaliou o processo de contrata\u00e7\u00e3o como \u201cexcelente\u201d. Conforme a docente, \u201co fato de estar tudo concentrado em um local evita esse desgaste de ficar se deslocando de um lugar para o outro, enfrentando v\u00e1rias filas, por v\u00e1rios dias. Voc\u00ea j\u00e1 sai da SE com tudo resolvido. A contrata\u00e7\u00e3o foi mais cedo este ano. Isso permite que o professor realmente possa tirar alguns dias de f\u00e9rias. Antes fic\u00e1vamos esperando quando ser\u00edamos chamados e, at\u00e9 o final de janeiro, sem tempo para descansar, havia aquela ansiedade e tens\u00e3o. Resolveu nosso problema\u201d.<\/p>\n<p>As contrata\u00e7\u00f5es de PR-A seguem at\u00e9 segunda-feira, 11, e todo procedimento ocorre direto no CFP. \u201cEst\u00e1 tudo muito r\u00e1pido. Houve ano em que entrei na escola e nem participei da primeira reuni\u00e3o. Entrar hoje em uma sala e j\u00e1 pegar a vaga foi muito bom. \u00c9 tudo digitalizado, sem ficar correndo atr\u00e1s de vaga, e com uma pessoa para te ajudar. Outro n\u00edvel\u201d, avaliou a docente Amanda Valle, tamb\u00e9m atuando na rede municipal desde 2014.<\/p>\n<p>Os candidatos devem observar atentamente a convoca\u00e7\u00e3o &#8211; dispon\u00edvel no Atos do Governo no site da PJF &#8211; para verificar o dia e hor\u00e1rio em que devem comparecer ao Centro de Forma\u00e7\u00e3o do Professor (Av. Get\u00falio Vargas, 200, Centro).\u00a0<a href=\"https:\/\/www.pjf.mg.gov.br\/secretarias\/sarh\/edital\/temporario\/442\/index.php\"><strong>Confira as convoca\u00e7\u00f5es de PR-A.<\/strong><\/a><\/p>\n<p>O(a) candidato(a) deve entregar, em envelope lacrado e devidamente identificado, os documentos necess\u00e1rios \u00e0 sua contrata\u00e7\u00e3o, a saber: c\u00f3pia da certid\u00e3o de nascimento (solteiro) ou de casamento; c\u00f3pia do diploma; 1 retrato \u00be; c\u00f3pia da carteira de identidade e CPF; c\u00f3pia do t\u00edtulo de eleitor e do comprovante de vota\u00e7\u00e3o; c\u00f3pia do n\u00famero e s\u00e9rie da carteira profissional (CTPS); c\u00f3pia do certificado de reservista (homens); c\u00f3pia do n\u00famero do PIS ou Pasep; c\u00f3pia do comprovante de resid\u00eancia; e<a href=\"http:\/\/consultacadastral.inss.gov.br\/Esocial\/pages\/index.xhtml\">\u00a0<strong>qualifica\u00e7\u00e3o cadastral sem pend\u00eancias<\/strong><\/a>, al\u00e9m de comprovar imuniza\u00e7\u00e3o completa ou parcial, de acordo com o Calend\u00e1rio de Vacina\u00e7\u00e3o do Munic\u00edpio, contra a Covid-19.<\/p>\n<p>O(a) candidato(a) que apresenta o exame m\u00e9dico admissional realizado no Departamento de Ambi\u00eancia Organizacional (Damor) consegue sair da Secretaria de Educa\u00e7\u00e3o com o encaminhamento pronto e com o procedimento 100% resolvido. O(a) candidato(a) que, no ato da contrata\u00e7\u00e3o declarar possuir outro v\u00ednculo p\u00fablico, dever\u00e1 apresentar, no prazo m\u00e1ximo de cinco dias \u00fateis, as declara\u00e7\u00f5es dos v\u00ednculos contando carga hor\u00e1ria, dias trabalhados e hor\u00e1rio de trabalho, atrav\u00e9s do e-mail\u00a0spvc.dmp@pjf.mg.gov.br.<\/p>\n<p><strong>PR-B<\/strong><\/p>\n<p>A banca examinadora est\u00e1 em fase final na avalia\u00e7\u00e3o de recursos dos inscritos no edital n\u00ba 443-SRH, que prev\u00ea as diretrizes para professor regente B (PR-B). A previs\u00e3o \u00e9 que os resultados e as primeiras chamadas sejam publicados nos pr\u00f3ximos dias.<\/p>\n","protected":false},"excerpt":{"rendered":"<p>Segundo informa\u00e7\u00f5es do site da Prefeitura de Juiz de Fora, O ano come\u00e7ou com uma grande for\u00e7a-tarefa das secretarias de Recursos Humanos (SRH) e de Educa\u00e7\u00e3o (SE). Desde segunda-feira, 3, o Centro de Forma\u00e7\u00e3o do Professor (CFP), da SE, recebe professores regentes A (PR-A) aprovados no processo seletivo para contrata\u00e7\u00e3o tempor\u00e1ria para atua\u00e7\u00e3o no ano [&hellip;]<\/p>\n","protected":false},"author":246,"featured_media":193378,"comment_status":"closed","ping_status":"closed","sticky":false,"template":"","format":"standard","meta":{"footnotes":""},"categories":[253,436,439],"tags":[],"class_list":["post-193377","post","type-post","status-publish","format-standard","has-post-thumbnail","hentry","category-cidade","category-destaque-da-semana","category-ultima-hora"],"_links":{"self":[{"href":"https:\/\/diarioregionaldigital.com.br\/index.php?rest_route=\/wp\/v2\/posts\/193377","targetHints":{"allow":["GET"]}}],"collection":[{"href":"https:\/\/diarioregionaldigital.com.br\/index.php?rest_route=\/wp\/v2\/posts"}],"about":[{"href":"https:\/\/diarioregionaldigital.com.br\/index.php?rest_route=\/wp\/v2\/types\/post"}],"author":[{"embeddable":true,"href":"https:\/\/diarioregionaldigital.com.br\/index.php?rest_route=\/wp\/v2\/users\/246"}],"replies":[{"embeddable":true,"href":"https:\/\/diarioregionaldigital.com.br\/index.php?rest_route=%2Fwp%2Fv2%2Fcomments&post=193377"}],"version-history":[{"count":1,"href":"https:\/\/diarioregionaldigital.com.br\/index.php?rest_route=\/wp\/v2\/posts\/193377\/revisions"}],"predecessor-version":[{"id":193379,"href":"https:\/\/diarioregionaldigital.com.br\/index.php?rest_route=\/wp\/v2\/posts\/193377\/revisions\/193379"}],"wp:featuredmedia":[{"embeddable":true,"href":"https:\/\/diarioregionaldigital.com.br\/index.php?rest_route=\/wp\/v2\/media\/193378"}],"wp:attachment":[{"href":"https:\/\/diarioregionaldigital.com.br\/index.php?rest_route=%2Fwp%2Fv2%2Fmedia&parent=193377"}],"wp:term":[{"taxonomy":"category","embeddable":true,"href":"https:\/\/diarioregionaldigital.com.br\/index.php?rest_route=%2Fwp%2Fv2%2Fcategories&post=193377"},{"taxonomy":"post_tag","embeddable":true,"href":"https:\/\/diarioregionaldigital.com.br\/index.php?rest_route=%2Fwp%2Fv2%2Ftags&post=193377"}],"curies":[{"name":"wp","href":"https:\/\/api.w.org\/{rel}","templated":true}]}}