{"id":193374,"date":"2022-01-06T15:21:15","date_gmt":"2022-01-06T18:21:15","guid":{"rendered":"https:\/\/diarioregionaldigital.com.br\/?p=193374"},"modified":"2022-01-06T15:21:15","modified_gmt":"2022-01-06T18:21:15","slug":"feirinha-da-pjf-e-retomada-nesta-sexta-feira-dia-7","status":"publish","type":"post","link":"https:\/\/diarioregionaldigital.com.br\/?p=193374","title":{"rendered":"Feirinha da PJF \u00e9 retomada nesta sexta-feira, dia 7"},"content":{"rendered":"<p>Segundo informa\u00e7\u00f5es do site da Prefeitura de Juiz de Fora, reunindo produtores, agricultores e artes\u00e3os, a Feirinha da PJF inicia 2022 com uma nova edi\u00e7\u00e3o, que ser\u00e1 realizada durante todas as sextas-feiras do m\u00eas de janeiro, das 8h \u00e0s 14h30, no p\u00e1tio do pr\u00e9dio-sede da Prefeitura de Juiz de Fora (Avenida Brasil, 2.001, no Centro).<\/p>\n<p>A sele\u00e7\u00e3o dos produtores \u00e9 feita por soma de pontos, conforme as especifica\u00e7\u00f5es que est\u00e3o\u00a0<a href=\"https:\/\/www.pjf.mg.gov.br\/secretarias\/seapa\/feirinha-da-pjf\/\"><strong>dispon\u00edveis no site.<\/strong><\/a>\u00a0Al\u00e9m disso, \u00e9 realizado um rod\u00edzio mensal, para dar oportunidade a mais agricultores, produtores e artes\u00e3os. De acordo com a Secretaria de Agricultura, Pecu\u00e1ria e Abastecimento (Seapa), 35 produtores de Juiz de Fora e regi\u00e3o j\u00e1 participaram da feira desde a inaugura\u00e7\u00e3o. Os pr\u00f3ximos participantes j\u00e1 foram contactados e correspondem aos crit\u00e9rios de sele\u00e7\u00e3o.<\/p>\n<p>Inaugurada em setembro, a Feirinha da PJF conta com produtos org\u00e2nicos, agroecol\u00f3gicos, artesanais e de qualidade. Al\u00e9m de promover a agricultura, oferece espa\u00e7o aos produtores que n\u00e3o participam de feiras e, ainda, possibilita a oportunidade de fortalecer a cultura de frequentar feiras e adquirir alimentos da produ\u00e7\u00e3o local.<\/p>\n","protected":false},"excerpt":{"rendered":"<p>Segundo informa\u00e7\u00f5es do site da Prefeitura de Juiz de Fora, reunindo produtores, agricultores e artes\u00e3os, a Feirinha da PJF inicia 2022 com uma nova edi\u00e7\u00e3o, que ser\u00e1 realizada durante todas as sextas-feiras do m\u00eas de janeiro, das 8h \u00e0s 14h30, no p\u00e1tio do pr\u00e9dio-sede da Prefeitura de Juiz de Fora (Avenida Brasil, 2.001, no Centro). [&hellip;]<\/p>\n","protected":false},"author":246,"featured_media":193375,"comment_status":"closed","ping_status":"closed","sticky":false,"template":"","format":"standard","meta":{"footnotes":""},"categories":[253,436,439],"tags":[],"class_list":["post-193374","post","type-post","status-publish","format-standard","has-post-thumbnail","hentry","category-cidade","category-destaque-da-semana","category-ultima-hora"],"_links":{"self":[{"href":"https:\/\/diarioregionaldigital.com.br\/index.php?rest_route=\/wp\/v2\/posts\/193374","targetHints":{"allow":["GET"]}}],"collection":[{"href":"https:\/\/diarioregionaldigital.com.br\/index.php?rest_route=\/wp\/v2\/posts"}],"about":[{"href":"https:\/\/diarioregionaldigital.com.br\/index.php?rest_route=\/wp\/v2\/types\/post"}],"author":[{"embeddable":true,"href":"https:\/\/diarioregionaldigital.com.br\/index.php?rest_route=\/wp\/v2\/users\/246"}],"replies":[{"embeddable":true,"href":"https:\/\/diarioregionaldigital.com.br\/index.php?rest_route=%2Fwp%2Fv2%2Fcomments&post=193374"}],"version-history":[{"count":1,"href":"https:\/\/diarioregionaldigital.com.br\/index.php?rest_route=\/wp\/v2\/posts\/193374\/revisions"}],"predecessor-version":[{"id":193376,"href":"https:\/\/diarioregionaldigital.com.br\/index.php?rest_route=\/wp\/v2\/posts\/193374\/revisions\/193376"}],"wp:featuredmedia":[{"embeddable":true,"href":"https:\/\/diarioregionaldigital.com.br\/index.php?rest_route=\/wp\/v2\/media\/193375"}],"wp:attachment":[{"href":"https:\/\/diarioregionaldigital.com.br\/index.php?rest_route=%2Fwp%2Fv2%2Fmedia&parent=193374"}],"wp:term":[{"taxonomy":"category","embeddable":true,"href":"https:\/\/diarioregionaldigital.com.br\/index.php?rest_route=%2Fwp%2Fv2%2Fcategories&post=193374"},{"taxonomy":"post_tag","embeddable":true,"href":"https:\/\/diarioregionaldigital.com.br\/index.php?rest_route=%2Fwp%2Fv2%2Ftags&post=193374"}],"curies":[{"name":"wp","href":"https:\/\/api.w.org\/{rel}","templated":true}]}}