{"id":193371,"date":"2022-01-06T15:19:20","date_gmt":"2022-01-06T18:19:20","guid":{"rendered":"https:\/\/diarioregionaldigital.com.br\/?p=193371"},"modified":"2022-01-06T15:19:20","modified_gmt":"2022-01-06T18:19:20","slug":"interdicao-da-rua-santo-antonio-para-obras-e-adiada","status":"publish","type":"post","link":"https:\/\/diarioregionaldigital.com.br\/?p=193371","title":{"rendered":"Interdi\u00e7\u00e3o da Rua Santo Ant\u00f4nio para obras \u00e9 adiada"},"content":{"rendered":"<p>Segundo informa\u00e7\u00f5es do site da Prefeitura de Juiz de Fora, devido \u00e0s condi\u00e7\u00f5es clim\u00e1ticas, a obra que impediria a circula\u00e7\u00e3o de ve\u00edculos no trecho da Rua Santo Ant\u00f4nio entre as vias Bar\u00e3o de Cataguases e Paula Lima, no Centro, foi adiada. Os trabalhos, inicialmente programados para a manh\u00e3 desta quinta-feira, 6, ser\u00e3o realizados pela Secretaria de Obras (SO) da Prefeitura de Juiz de Fora (PJF) em data futura, ainda a ser definida.<\/p>\n","protected":false},"excerpt":{"rendered":"<p>Segundo informa\u00e7\u00f5es do site da Prefeitura de Juiz de Fora, devido \u00e0s condi\u00e7\u00f5es clim\u00e1ticas, a obra que impediria a circula\u00e7\u00e3o de ve\u00edculos no trecho da Rua Santo Ant\u00f4nio entre as vias Bar\u00e3o de Cataguases e Paula Lima, no Centro, foi adiada. Os trabalhos, inicialmente programados para a manh\u00e3 desta quinta-feira, 6, ser\u00e3o realizados pela Secretaria [&hellip;]<\/p>\n","protected":false},"author":246,"featured_media":193372,"comment_status":"closed","ping_status":"closed","sticky":false,"template":"","format":"standard","meta":{"footnotes":""},"categories":[253,436,439],"tags":[],"class_list":["post-193371","post","type-post","status-publish","format-standard","has-post-thumbnail","hentry","category-cidade","category-destaque-da-semana","category-ultima-hora"],"_links":{"self":[{"href":"https:\/\/diarioregionaldigital.com.br\/index.php?rest_route=\/wp\/v2\/posts\/193371","targetHints":{"allow":["GET"]}}],"collection":[{"href":"https:\/\/diarioregionaldigital.com.br\/index.php?rest_route=\/wp\/v2\/posts"}],"about":[{"href":"https:\/\/diarioregionaldigital.com.br\/index.php?rest_route=\/wp\/v2\/types\/post"}],"author":[{"embeddable":true,"href":"https:\/\/diarioregionaldigital.com.br\/index.php?rest_route=\/wp\/v2\/users\/246"}],"replies":[{"embeddable":true,"href":"https:\/\/diarioregionaldigital.com.br\/index.php?rest_route=%2Fwp%2Fv2%2Fcomments&post=193371"}],"version-history":[{"count":1,"href":"https:\/\/diarioregionaldigital.com.br\/index.php?rest_route=\/wp\/v2\/posts\/193371\/revisions"}],"predecessor-version":[{"id":193373,"href":"https:\/\/diarioregionaldigital.com.br\/index.php?rest_route=\/wp\/v2\/posts\/193371\/revisions\/193373"}],"wp:featuredmedia":[{"embeddable":true,"href":"https:\/\/diarioregionaldigital.com.br\/index.php?rest_route=\/wp\/v2\/media\/193372"}],"wp:attachment":[{"href":"https:\/\/diarioregionaldigital.com.br\/index.php?rest_route=%2Fwp%2Fv2%2Fmedia&parent=193371"}],"wp:term":[{"taxonomy":"category","embeddable":true,"href":"https:\/\/diarioregionaldigital.com.br\/index.php?rest_route=%2Fwp%2Fv2%2Fcategories&post=193371"},{"taxonomy":"post_tag","embeddable":true,"href":"https:\/\/diarioregionaldigital.com.br\/index.php?rest_route=%2Fwp%2Fv2%2Ftags&post=193371"}],"curies":[{"name":"wp","href":"https:\/\/api.w.org\/{rel}","templated":true}]}}