{"id":193368,"date":"2022-01-06T15:16:39","date_gmt":"2022-01-06T18:16:39","guid":{"rendered":"https:\/\/diarioregionaldigital.com.br\/?p=193368"},"modified":"2022-01-06T15:16:39","modified_gmt":"2022-01-06T18:16:39","slug":"prefeitura-cria-mesa-de-dialogo-e-negociacao-de-conflitos-para-sanar-problema-historico-de-alagamentos-e-enchentes-em-santa-luzia","status":"publish","type":"post","link":"https:\/\/diarioregionaldigital.com.br\/?p=193368","title":{"rendered":"Prefeitura cria Mesa de Di\u00e1logo e Negocia\u00e7\u00e3o de Conflitos para sanar problema hist\u00f3rico de alagamentos e enchentes em Santa Luzia"},"content":{"rendered":"<p>Segundo informa\u00e7\u00f5es do site da Prefeitura de Juiz de Fora, a prefeita de Juiz de Fora Margarida Salom\u00e3o reuniu moradores, comerciantes e empres\u00e1rios de Santa Luzia junto com o Secret\u00e1rio de Obras, Lincoln Lima e o Secret\u00e1rio de Mobilidade Urbana, Tadeu David, para comunicar a cria\u00e7\u00e3o desse instrumento que visa \u00e0 solu\u00e7\u00e3o dessa quest\u00e3o que h\u00e1 d\u00e9cadas atinge a Zona Sul da cidade.<\/p>\n<p>&#8220;Acompanho h\u00e1 muitos anos essa triste situa\u00e7\u00e3o e agora vamos resolver. Reunimos os nossos t\u00e9cnicos, os comerciantes, empreendedores da regi\u00e3o e tamb\u00e9m a C\u00e2mara Municipal. \u00c9 necess\u00e1rio somar todas as for\u00e7as para fazer com que a ang\u00fastia do povo tenha fim&#8221;, destacou a prefeita Margarida Salom\u00e3o.<\/p>\n<p>Presente no encontro, o vereador e engenheiro Jos\u00e9 M\u00e1rcio &#8220;Garotinho&#8221; destacou a coragem da gest\u00e3o para enfrentar o problema. Moradores e integrantes do grupo \u201cAlerta Santa Luzia\u201d, formado por comerciantes do bairro e adjac\u00eancias, ressaltam o ineditismo da a\u00e7\u00e3o da administra\u00e7\u00e3o, e tamb\u00e9m entregaram um documento com as demandas do bairro, incluindo a\u00e7\u00f5es de zeladoria e a instala\u00e7\u00e3o de um ecoponto na regi\u00e3o. &#8220;Nunca fomos recebidos com tanta aten\u00e7\u00e3o pela Prefeitura. Mudou. Estamos confiantes&#8221;, destacou o comerciante Helen\u00edlson Barreto. A reuni\u00e3o tamb\u00e9m teve a presen\u00e7a do\u00a0Subsecret\u00e1rio de Governo, respons\u00e1vel pelo Gabinete de A\u00e7\u00e3o e Di\u00e1logo Comunit\u00e1rio, Richard Tavares.<\/p>\n<p>A primeira reuni\u00e3o ap\u00f3s a implementa\u00e7\u00e3o da Mesa de Di\u00e1logo e Negocia\u00e7\u00e3o de Conflitos ser\u00e1 nesta sexta-feira, 7.<\/p>\n<p><strong>A\u00e7\u00e3o preventiva foi fundamental para mitigar danos<\/strong><\/p>\n<p>No ano passado, foram realizadas 16 grandes opera\u00e7\u00f5es de limpeza e reparo em bocas de lobo no bairro Santa Luzia. A Secretaria de Obras realizou a limpeza mecanizada e a demoli\u00e7\u00e3o de muro que estava ca\u00eddo h\u00e1 anos, desobstruindo a passagem de \u00e1gua no c\u00f3rrego Ipiranga, em conjunto com o Demlurb, que trabalhou na limpeza das margens do c\u00f3rrego. Est\u00e3o sendo realizadas obras para manter a calha do c\u00f3rrego e buscar proporcionar maior estabilidade para o trecho da via.<\/p>\n<p>Na Avenida Santa Luzia, na regi\u00e3o conhecida como Cachoeirinha, as encostas da via cederam h\u00e1 alguns anos. O objetivo da a\u00e7\u00e3o \u00e9 manter a calha do c\u00f3rrego, al\u00e9m de proporcionar maior estabilidade para o trecho da via. A licita\u00e7\u00e3o foi realizada no dia 25 de outubro, vencida pela HF Engenharia e Constru\u00e7\u00e3o LTDA, com previs\u00e3o para in\u00edcio das obras em abril de 2022.<\/p>\n<p>\u201cConhecemos a hist\u00f3ria, os problemas. Temos algumas quest\u00f5es que demandam a\u00e7\u00e3o imediata. Outras s\u00e3o a\u00e7\u00f5es estruturais. Visitamos v\u00e1rias vezes, inclusive na v\u00e9spera de Natal, ap\u00f3s a chuva de 60 mil\u00edmetros, durante uma hora. Conversamos, estudamos e chegamos a esse grande grupo\u201d, destacou o Secret\u00e1rio de Obras, Lincoln Lima.<\/p>\n","protected":false},"excerpt":{"rendered":"<p>Segundo informa\u00e7\u00f5es do site da Prefeitura de Juiz de Fora, a prefeita de Juiz de Fora Margarida Salom\u00e3o reuniu moradores, comerciantes e empres\u00e1rios de Santa Luzia junto com o Secret\u00e1rio de Obras, Lincoln Lima e o Secret\u00e1rio de Mobilidade Urbana, Tadeu David, para comunicar a cria\u00e7\u00e3o desse instrumento que visa \u00e0 solu\u00e7\u00e3o dessa quest\u00e3o que [&hellip;]<\/p>\n","protected":false},"author":246,"featured_media":193369,"comment_status":"closed","ping_status":"closed","sticky":false,"template":"","format":"standard","meta":{"footnotes":""},"categories":[253,436,440,439],"tags":[],"class_list":["post-193368","post","type-post","status-publish","format-standard","has-post-thumbnail","hentry","category-cidade","category-destaque-da-semana","category-destaques-do-dia","category-ultima-hora"],"_links":{"self":[{"href":"https:\/\/diarioregionaldigital.com.br\/index.php?rest_route=\/wp\/v2\/posts\/193368","targetHints":{"allow":["GET"]}}],"collection":[{"href":"https:\/\/diarioregionaldigital.com.br\/index.php?rest_route=\/wp\/v2\/posts"}],"about":[{"href":"https:\/\/diarioregionaldigital.com.br\/index.php?rest_route=\/wp\/v2\/types\/post"}],"author":[{"embeddable":true,"href":"https:\/\/diarioregionaldigital.com.br\/index.php?rest_route=\/wp\/v2\/users\/246"}],"replies":[{"embeddable":true,"href":"https:\/\/diarioregionaldigital.com.br\/index.php?rest_route=%2Fwp%2Fv2%2Fcomments&post=193368"}],"version-history":[{"count":1,"href":"https:\/\/diarioregionaldigital.com.br\/index.php?rest_route=\/wp\/v2\/posts\/193368\/revisions"}],"predecessor-version":[{"id":193370,"href":"https:\/\/diarioregionaldigital.com.br\/index.php?rest_route=\/wp\/v2\/posts\/193368\/revisions\/193370"}],"wp:featuredmedia":[{"embeddable":true,"href":"https:\/\/diarioregionaldigital.com.br\/index.php?rest_route=\/wp\/v2\/media\/193369"}],"wp:attachment":[{"href":"https:\/\/diarioregionaldigital.com.br\/index.php?rest_route=%2Fwp%2Fv2%2Fmedia&parent=193368"}],"wp:term":[{"taxonomy":"category","embeddable":true,"href":"https:\/\/diarioregionaldigital.com.br\/index.php?rest_route=%2Fwp%2Fv2%2Fcategories&post=193368"},{"taxonomy":"post_tag","embeddable":true,"href":"https:\/\/diarioregionaldigital.com.br\/index.php?rest_route=%2Fwp%2Fv2%2Ftags&post=193368"}],"curies":[{"name":"wp","href":"https:\/\/api.w.org\/{rel}","templated":true}]}}