{"id":193365,"date":"2022-01-06T15:07:47","date_gmt":"2022-01-06T18:07:47","guid":{"rendered":"https:\/\/diarioregionaldigital.com.br\/?p=193365"},"modified":"2022-01-06T15:07:47","modified_gmt":"2022-01-06T18:07:47","slug":"copa-africana-de-nacoes-enfrenta-novos-problemas-por-covid-19","status":"publish","type":"post","link":"https:\/\/diarioregionaldigital.com.br\/?p=193365","title":{"rendered":"Copa Africana de Na\u00e7\u00f5es enfrenta novos problemas por covid-19"},"content":{"rendered":"<p>Infec\u00e7\u00f5es pelo novo coronav\u00edrus (covid-19) causaram mais interrup\u00e7\u00f5es \u00e0s prepara\u00e7\u00f5es para a Copa Africana de Na\u00e7\u00f5es nesta quarta-feira (5), com a sele\u00e7\u00e3o de Senegal adiando seu embarque para o torneio e Camar\u00f5es e Burkina Faso apresentando desfalques para o jogo de abertura no pr\u00f3ximo domingo (9).<img decoding=\"async\" src=\"https:\/\/agenciabrasil.ebc.com.br\/ebc.png?id=1435416&amp;o=node\" \/><img decoding=\"async\" src=\"https:\/\/agenciabrasil.ebc.com.br\/ebc.gif?id=1435416&amp;o=node\" \/><\/p>\n<p>Cabo Verde e Tun\u00edsia tamb\u00e9m reportaram novos casos positivos de coronav\u00edrus e a Costa do Marfim precisou cancelar uma segunda partida de prepara\u00e7\u00e3o em sua base de treinamento na Ar\u00e1bia Saudita.<\/p>\n<p>Burkina Faso deixou tr\u00eas jogadores ainda em isolamento em Abu Dhabi antes de chegar em Yaounde para a partida contra Camar\u00f5es no domingo.<\/p>\n<p>Os jogadores Issoufou Dayo, Dramane Nikiema e Kylian Nikiema poder\u00e3o viajar ap\u00f3s testarem negativo, e provavelmente n\u00e3o estar\u00e3o dispon\u00edveis para a partida de domingo, afirmaram as autoridades.<\/p>\n<p>A sele\u00e7\u00e3o de Senegal sairia de Dacar na quarta-feira, mas a viagem foi adiada para que o elenco seja testado novamente ap\u00f3s os meias Pape Matar Sarr, Nampalys Mendy e o atacante Mame Baba Thiam testarem positivo.<\/p>\n<p>O secret\u00e1rio-geral da Federa\u00e7\u00e3o de Futebol do Senegal, Victor Seh Ciss\u00e9, disse que outros seis membros da equipe testaram positivo.<\/p>\n<p><span style=\"font-weight: 400;\">Fonte: Ag\u00eancia Brasil <\/span><\/p>\n","protected":false},"excerpt":{"rendered":"<p>Infec\u00e7\u00f5es pelo novo coronav\u00edrus (covid-19) causaram mais interrup\u00e7\u00f5es \u00e0s prepara\u00e7\u00f5es para a Copa Africana de Na\u00e7\u00f5es nesta quarta-feira (5), com a sele\u00e7\u00e3o de Senegal adiando seu embarque para o torneio e Camar\u00f5es e Burkina Faso apresentando desfalques para o jogo de abertura no pr\u00f3ximo domingo (9). Cabo Verde e Tun\u00edsia tamb\u00e9m reportaram novos casos positivos [&hellip;]<\/p>\n","protected":false},"author":246,"featured_media":193366,"comment_status":"closed","ping_status":"closed","sticky":false,"template":"","format":"standard","meta":{"footnotes":""},"categories":[436,257,439],"tags":[],"class_list":["post-193365","post","type-post","status-publish","format-standard","has-post-thumbnail","hentry","category-destaque-da-semana","category-esporte","category-ultima-hora"],"_links":{"self":[{"href":"https:\/\/diarioregionaldigital.com.br\/index.php?rest_route=\/wp\/v2\/posts\/193365","targetHints":{"allow":["GET"]}}],"collection":[{"href":"https:\/\/diarioregionaldigital.com.br\/index.php?rest_route=\/wp\/v2\/posts"}],"about":[{"href":"https:\/\/diarioregionaldigital.com.br\/index.php?rest_route=\/wp\/v2\/types\/post"}],"author":[{"embeddable":true,"href":"https:\/\/diarioregionaldigital.com.br\/index.php?rest_route=\/wp\/v2\/users\/246"}],"replies":[{"embeddable":true,"href":"https:\/\/diarioregionaldigital.com.br\/index.php?rest_route=%2Fwp%2Fv2%2Fcomments&post=193365"}],"version-history":[{"count":1,"href":"https:\/\/diarioregionaldigital.com.br\/index.php?rest_route=\/wp\/v2\/posts\/193365\/revisions"}],"predecessor-version":[{"id":193367,"href":"https:\/\/diarioregionaldigital.com.br\/index.php?rest_route=\/wp\/v2\/posts\/193365\/revisions\/193367"}],"wp:featuredmedia":[{"embeddable":true,"href":"https:\/\/diarioregionaldigital.com.br\/index.php?rest_route=\/wp\/v2\/media\/193366"}],"wp:attachment":[{"href":"https:\/\/diarioregionaldigital.com.br\/index.php?rest_route=%2Fwp%2Fv2%2Fmedia&parent=193365"}],"wp:term":[{"taxonomy":"category","embeddable":true,"href":"https:\/\/diarioregionaldigital.com.br\/index.php?rest_route=%2Fwp%2Fv2%2Fcategories&post=193365"},{"taxonomy":"post_tag","embeddable":true,"href":"https:\/\/diarioregionaldigital.com.br\/index.php?rest_route=%2Fwp%2Fv2%2Ftags&post=193365"}],"curies":[{"name":"wp","href":"https:\/\/api.w.org\/{rel}","templated":true}]}}