{"id":193362,"date":"2022-01-06T15:06:11","date_gmt":"2022-01-06T18:06:11","guid":{"rendered":"https:\/\/diarioregionaldigital.com.br\/?p=193362"},"modified":"2022-01-06T15:06:11","modified_gmt":"2022-01-06T18:06:11","slug":"argentino-martin-benitez-fecha-com-o-gremio","status":"publish","type":"post","link":"https:\/\/diarioregionaldigital.com.br\/?p=193362","title":{"rendered":"Argentino Mart\u00edn Ben\u00edtez fecha com o Gr\u00eamio"},"content":{"rendered":"<p>O Gr\u00eamio anunciou nesta quarta-feira (5) a contrata\u00e7\u00e3o do meio-campista Mart\u00edn Ben\u00edtez. O argentino chega ao Tricolor do Morumbi com contrato de empr\u00e9stimo at\u00e9 o final de 2022, com op\u00e7\u00e3o de compra.<img decoding=\"async\" src=\"https:\/\/agenciabrasil.ebc.com.br\/ebc.png?id=1435476&amp;o=node\" \/><img decoding=\"async\" src=\"https:\/\/agenciabrasil.ebc.com.br\/ebc.gif?id=1435476&amp;o=node\" \/><\/p>\n<p>O jogador de 27 anos, que foi revelado pelo Independiente (Argentina), j\u00e1 defendeu no Brasil o Vasco da Gama e o S\u00e3o Paulo.<\/p>\n<p><strong>Refor\u00e7o do Voz\u00e3o<\/strong><\/p>\n<p>Outra equipe a apresentar uma cara nova nesta quarta foi o Cear\u00e1, que garantiu o empr\u00e9stimo do lateral Victor Lu\u00eds, que disputou a \u00faltima temporada pelo Palmeiras.<\/p>\n<p>Esta \u00e9 a segunda passagem do jogador pelo Voz\u00e3o, equipe que defendeu na temporada 2015. O v\u00ednculo de Victor Lu\u00eds com o Time do Povo \u00e9 de empr\u00e9stimo, v\u00e1lido at\u00e9 o fim de 2022.<\/p>\n<p><span style=\"font-weight: 400;\"><br \/>\n<\/span><span style=\"font-weight: 400;\">Fonte: Ag\u00eancia Brasil <\/span><\/p>\n","protected":false},"excerpt":{"rendered":"<p>O Gr\u00eamio anunciou nesta quarta-feira (5) a contrata\u00e7\u00e3o do meio-campista Mart\u00edn Ben\u00edtez. O argentino chega ao Tricolor do Morumbi com contrato de empr\u00e9stimo at\u00e9 o final de 2022, com op\u00e7\u00e3o de compra. O jogador de 27 anos, que foi revelado pelo Independiente (Argentina), j\u00e1 defendeu no Brasil o Vasco da Gama e o S\u00e3o Paulo. [&hellip;]<\/p>\n","protected":false},"author":246,"featured_media":193363,"comment_status":"closed","ping_status":"closed","sticky":false,"template":"","format":"standard","meta":{"footnotes":""},"categories":[436,257,439],"tags":[],"class_list":["post-193362","post","type-post","status-publish","format-standard","has-post-thumbnail","hentry","category-destaque-da-semana","category-esporte","category-ultima-hora"],"_links":{"self":[{"href":"https:\/\/diarioregionaldigital.com.br\/index.php?rest_route=\/wp\/v2\/posts\/193362","targetHints":{"allow":["GET"]}}],"collection":[{"href":"https:\/\/diarioregionaldigital.com.br\/index.php?rest_route=\/wp\/v2\/posts"}],"about":[{"href":"https:\/\/diarioregionaldigital.com.br\/index.php?rest_route=\/wp\/v2\/types\/post"}],"author":[{"embeddable":true,"href":"https:\/\/diarioregionaldigital.com.br\/index.php?rest_route=\/wp\/v2\/users\/246"}],"replies":[{"embeddable":true,"href":"https:\/\/diarioregionaldigital.com.br\/index.php?rest_route=%2Fwp%2Fv2%2Fcomments&post=193362"}],"version-history":[{"count":1,"href":"https:\/\/diarioregionaldigital.com.br\/index.php?rest_route=\/wp\/v2\/posts\/193362\/revisions"}],"predecessor-version":[{"id":193364,"href":"https:\/\/diarioregionaldigital.com.br\/index.php?rest_route=\/wp\/v2\/posts\/193362\/revisions\/193364"}],"wp:featuredmedia":[{"embeddable":true,"href":"https:\/\/diarioregionaldigital.com.br\/index.php?rest_route=\/wp\/v2\/media\/193363"}],"wp:attachment":[{"href":"https:\/\/diarioregionaldigital.com.br\/index.php?rest_route=%2Fwp%2Fv2%2Fmedia&parent=193362"}],"wp:term":[{"taxonomy":"category","embeddable":true,"href":"https:\/\/diarioregionaldigital.com.br\/index.php?rest_route=%2Fwp%2Fv2%2Fcategories&post=193362"},{"taxonomy":"post_tag","embeddable":true,"href":"https:\/\/diarioregionaldigital.com.br\/index.php?rest_route=%2Fwp%2Fv2%2Ftags&post=193362"}],"curies":[{"name":"wp","href":"https:\/\/api.w.org\/{rel}","templated":true}]}}