{"id":193359,"date":"2022-01-06T15:04:31","date_gmt":"2022-01-06T18:04:31","guid":{"rendered":"https:\/\/diarioregionaldigital.com.br\/?p=193359"},"modified":"2022-01-06T15:04:31","modified_gmt":"2022-01-06T18:04:31","slug":"djokovic-tem-entrada-negada-na-australia-e-tenta-evitar-deportacao","status":"publish","type":"post","link":"https:\/\/diarioregionaldigital.com.br\/?p=193359","title":{"rendered":"Djokovic tem entrada negada na Austr\u00e1lia e tenta evitar deporta\u00e7\u00e3o"},"content":{"rendered":"<p>O tenista n\u00famero um do mundo, Novak Djokovic, teve sua entrada negada na Austr\u00e1lia nesta quarta-feira (5), depois de inicialmente receber uma isen\u00e7\u00e3o m\u00e9dica para a exig\u00eancia de vacina\u00e7\u00e3o contra o novo coronav\u00edrus (covid-19) do pa\u00eds para que pudesse jogar no Aberto da Austr\u00e1lia.<img decoding=\"async\" src=\"https:\/\/agenciabrasil.ebc.com.br\/ebc.png?id=1435455&amp;o=node\" \/><img decoding=\"async\" src=\"https:\/\/agenciabrasil.ebc.com.br\/ebc.gif?id=1435455&amp;o=node\" \/><\/p>\n<p>O astro do t\u00eanis, que ficou retido no aeroporto Tullamarine, em Melbourne, em meio a um turbilh\u00e3o pol\u00edtico, recebeu uma carta do governo australiano dizendo que seu visto havia sido negado e que ele seria removido do pa\u00eds na quinta-feira, disse \u00e0 Reuters uma fonte pr\u00f3xima ao torneio.<\/p>\n<p>A ag\u00eancia de fronteira da Austr\u00e1lia confirmou posteriormente que seu visto foi revogado.<\/p>\n<p>O jogador entraria com uma liminar para evitar ser enviado de volta, disse a fonte. Nesse \u00ednterim, Djokovic estava a caminho de um hotel em Melbourne.<\/p>\n<p>Em uma s\u00e9rie dram\u00e1tica de eventos, Djokovic pousou no aeroporto Tullamarine ap\u00f3s um voo de 14 horas de Dubai, mas foi conduzido para uma sala de isolamento sob a guarda da pol\u00edcia pois autoridades australianas disseram que seu visto n\u00e3o permitia isen\u00e7\u00f5es m\u00e9dicas.<\/p>\n<p>A fonte disse \u00e0 Reuters que o visto e a papelada que Djokovic usou para conseguir entrar no pa\u00eds s\u00e3o os mesmos de tr\u00eas outros jogadores que j\u00e1 haviam chegado.<\/p>\n<p>A a\u00e7\u00e3o do governo australiano amea\u00e7ou causar um incidente diplom\u00e1tico entre Canberra e Belgrado.<\/p>\n<p>\u201cAcabei de terminar minha conversa por telefone com Novak Djokovic\u201d, postou o presidente s\u00e9rvio, Aleksandar Vucic, no Instagram.<\/p>\n<p>\u201cDisse ao nosso Novak que toda a S\u00e9rvia est\u00e1 com ele e que as nossas entidades est\u00e3o fazendo de tudo para que a intimida\u00e7\u00e3o ao melhor tenista do mundo termine imediatamente\u201d, afirmou.<\/p>\n<p>\u201cDe acordo com todas as normas do direito internacional, a S\u00e9rvia lutar\u00e1 por Novak, pela verdade e pela justi\u00e7a. Novak \u00e9 forte, como todos sabemos\u201d, completou.<\/p>\n<p>Vucic convocou o embaixador australiano em Belgrado e exigiu que Djokovic fosse liberado imediatamente para jogar, informou a m\u00eddia s\u00e9rvia.<\/p>\n<p>O primeiro-ministro australiano, Scott Morrison, enfrenta uma enorme rea\u00e7\u00e3o contra a decis\u00e3o de seu governo de conceder a Djokovic uma isen\u00e7\u00e3o m\u00e9dica de vacina\u00e7\u00e3o para disputar o Aberto da Austr\u00e1lia.<\/p>\n<p>A Austr\u00e1lia, especialmente o estado de Victoria, teve o lockdown mais longo do mundo e um surto da variante \u00d4micron levou os n\u00fameros de casos a n\u00edveis recordes.<\/p>\n<p><span style=\"font-weight: 400;\">Fonte: Ag\u00eancia Brasil <\/span><\/p>\n","protected":false},"excerpt":{"rendered":"<p>O tenista n\u00famero um do mundo, Novak Djokovic, teve sua entrada negada na Austr\u00e1lia nesta quarta-feira (5), depois de inicialmente receber uma isen\u00e7\u00e3o m\u00e9dica para a exig\u00eancia de vacina\u00e7\u00e3o contra o novo coronav\u00edrus (covid-19) do pa\u00eds para que pudesse jogar no Aberto da Austr\u00e1lia. O astro do t\u00eanis, que ficou retido no aeroporto Tullamarine, em [&hellip;]<\/p>\n","protected":false},"author":246,"featured_media":193360,"comment_status":"closed","ping_status":"closed","sticky":false,"template":"","format":"standard","meta":{"footnotes":""},"categories":[436,257,439],"tags":[],"class_list":["post-193359","post","type-post","status-publish","format-standard","has-post-thumbnail","hentry","category-destaque-da-semana","category-esporte","category-ultima-hora"],"_links":{"self":[{"href":"https:\/\/diarioregionaldigital.com.br\/index.php?rest_route=\/wp\/v2\/posts\/193359","targetHints":{"allow":["GET"]}}],"collection":[{"href":"https:\/\/diarioregionaldigital.com.br\/index.php?rest_route=\/wp\/v2\/posts"}],"about":[{"href":"https:\/\/diarioregionaldigital.com.br\/index.php?rest_route=\/wp\/v2\/types\/post"}],"author":[{"embeddable":true,"href":"https:\/\/diarioregionaldigital.com.br\/index.php?rest_route=\/wp\/v2\/users\/246"}],"replies":[{"embeddable":true,"href":"https:\/\/diarioregionaldigital.com.br\/index.php?rest_route=%2Fwp%2Fv2%2Fcomments&post=193359"}],"version-history":[{"count":1,"href":"https:\/\/diarioregionaldigital.com.br\/index.php?rest_route=\/wp\/v2\/posts\/193359\/revisions"}],"predecessor-version":[{"id":193361,"href":"https:\/\/diarioregionaldigital.com.br\/index.php?rest_route=\/wp\/v2\/posts\/193359\/revisions\/193361"}],"wp:featuredmedia":[{"embeddable":true,"href":"https:\/\/diarioregionaldigital.com.br\/index.php?rest_route=\/wp\/v2\/media\/193360"}],"wp:attachment":[{"href":"https:\/\/diarioregionaldigital.com.br\/index.php?rest_route=%2Fwp%2Fv2%2Fmedia&parent=193359"}],"wp:term":[{"taxonomy":"category","embeddable":true,"href":"https:\/\/diarioregionaldigital.com.br\/index.php?rest_route=%2Fwp%2Fv2%2Fcategories&post=193359"},{"taxonomy":"post_tag","embeddable":true,"href":"https:\/\/diarioregionaldigital.com.br\/index.php?rest_route=%2Fwp%2Fv2%2Ftags&post=193359"}],"curies":[{"name":"wp","href":"https:\/\/api.w.org\/{rel}","templated":true}]}}