{"id":193353,"date":"2022-01-06T14:49:10","date_gmt":"2022-01-06T17:49:10","guid":{"rendered":"https:\/\/diarioregionaldigital.com.br\/?p=193353"},"modified":"2022-01-06T14:49:10","modified_gmt":"2022-01-06T17:49:10","slug":"policia-militar-lanca-projeto-com-bases-de-seguranca-voltadas-para-transito-rodoviario-2","status":"publish","type":"post","link":"https:\/\/diarioregionaldigital.com.br\/?p=193353","title":{"rendered":"Pol\u00edcia Militar lan\u00e7a projeto com Bases de Seguran\u00e7a voltadas para tr\u00e2nsito rodovi\u00e1rio"},"content":{"rendered":"<p>Condutores que transitam em Belo Horizonte e Regi\u00e3o Metropolitana passando pelo Anel Rodovi\u00e1rio contam com o projeto Base de Seguran\u00e7a Rodovi\u00e1ria (BSR)\u00a0a partir desta quarta-feira (5\/1). S\u00e3o tr\u00eas Bases que funcionar\u00e3o em pontos estrat\u00e9gicos diariamente das 6h \u00e0s 22h. Lan\u00e7ado pelo\u00a0<a href=\"http:\/\/www.policiamilitar.mg.gov.br\/\" target=\"_blank\" rel=\"noopener\">Batalh\u00e3o de Pol\u00edcia Militar Rodovi\u00e1ria (BPMRv)<\/a>, o projeto-piloto pretende dar mais agilidade ao atendimento \u00e0 popula\u00e7\u00e3o, aumentar as fiscaliza\u00e7\u00f5es, reduzir a criminalidade e prevenir acidentes.<\/p>\n<p>Semelhante ao projeto Bases de Seguran\u00e7a Comunit\u00e1ria (BSC), implementadas em quase todo o estado, a adapta\u00e7\u00e3o rodovi\u00e1ria ter\u00e1 o emprego di\u00e1rio de tr\u00eas viaturas tipo Van, com efetivo de quatro policiais militares em cada equipe, sendo dois na base e dois em motocicletas, patrulhando ao longo dos 29 quil\u00f4metros do Anel Rodovi\u00e1rio na capital.<\/p>\n<p>\u201cAlguns locais ser\u00e3o refer\u00eancias para instalarmos as bases, como na descida do Anel na regi\u00e3o do Olhos D\u2019\u00c1gua, no bairro Bet\u00e2nia e no Viaduto S\u00e3o Francisco. As pessoas poder\u00e3o registrar ocorr\u00eancias, contar com o apoio dos policiais militares e daqui a 90 dias vamos avaliar os resultados do projeto, j\u00e1 que outras cidades, como Ipatinga e Uberl\u00e2ndia, poder\u00e3o receb\u00ea-lo tamb\u00e9m\u201d, adiantou o comandante do BPMRv, tenente-coronel F\u00e1bio Oliveira de Almeida.<\/p>\n<p><span style=\"font-weight: 400;\">Fonte: Ag\u00eancia Brasil <\/span><\/p>\n","protected":false},"excerpt":{"rendered":"<p>Condutores que transitam em Belo Horizonte e Regi\u00e3o Metropolitana passando pelo Anel Rodovi\u00e1rio contam com o projeto Base de Seguran\u00e7a Rodovi\u00e1ria (BSR)\u00a0a partir desta quarta-feira (5\/1). S\u00e3o tr\u00eas Bases que funcionar\u00e3o em pontos estrat\u00e9gicos diariamente das 6h \u00e0s 22h. Lan\u00e7ado pelo\u00a0Batalh\u00e3o de Pol\u00edcia Militar Rodovi\u00e1ria (BPMRv), o projeto-piloto pretende dar mais agilidade ao atendimento \u00e0 [&hellip;]<\/p>\n","protected":false},"author":246,"featured_media":193354,"comment_status":"closed","ping_status":"closed","sticky":false,"template":"","format":"standard","meta":{"footnotes":""},"categories":[436,254,439],"tags":[],"class_list":["post-193353","post","type-post","status-publish","format-standard","has-post-thumbnail","hentry","category-destaque-da-semana","category-politica","category-ultima-hora"],"_links":{"self":[{"href":"https:\/\/diarioregionaldigital.com.br\/index.php?rest_route=\/wp\/v2\/posts\/193353","targetHints":{"allow":["GET"]}}],"collection":[{"href":"https:\/\/diarioregionaldigital.com.br\/index.php?rest_route=\/wp\/v2\/posts"}],"about":[{"href":"https:\/\/diarioregionaldigital.com.br\/index.php?rest_route=\/wp\/v2\/types\/post"}],"author":[{"embeddable":true,"href":"https:\/\/diarioregionaldigital.com.br\/index.php?rest_route=\/wp\/v2\/users\/246"}],"replies":[{"embeddable":true,"href":"https:\/\/diarioregionaldigital.com.br\/index.php?rest_route=%2Fwp%2Fv2%2Fcomments&post=193353"}],"version-history":[{"count":1,"href":"https:\/\/diarioregionaldigital.com.br\/index.php?rest_route=\/wp\/v2\/posts\/193353\/revisions"}],"predecessor-version":[{"id":193355,"href":"https:\/\/diarioregionaldigital.com.br\/index.php?rest_route=\/wp\/v2\/posts\/193353\/revisions\/193355"}],"wp:featuredmedia":[{"embeddable":true,"href":"https:\/\/diarioregionaldigital.com.br\/index.php?rest_route=\/wp\/v2\/media\/193354"}],"wp:attachment":[{"href":"https:\/\/diarioregionaldigital.com.br\/index.php?rest_route=%2Fwp%2Fv2%2Fmedia&parent=193353"}],"wp:term":[{"taxonomy":"category","embeddable":true,"href":"https:\/\/diarioregionaldigital.com.br\/index.php?rest_route=%2Fwp%2Fv2%2Fcategories&post=193353"},{"taxonomy":"post_tag","embeddable":true,"href":"https:\/\/diarioregionaldigital.com.br\/index.php?rest_route=%2Fwp%2Fv2%2Ftags&post=193353"}],"curies":[{"name":"wp","href":"https:\/\/api.w.org\/{rel}","templated":true}]}}