{"id":193350,"date":"2022-01-06T14:47:37","date_gmt":"2022-01-06T17:47:37","guid":{"rendered":"https:\/\/diarioregionaldigital.com.br\/?p=193350"},"modified":"2022-01-06T14:47:37","modified_gmt":"2022-01-06T17:47:37","slug":"minas-celebra-cinco-anos-do-reconhecimento-das-folias-como-patrimonio-cultural","status":"publish","type":"post","link":"https:\/\/diarioregionaldigital.com.br\/?p=193350","title":{"rendered":"Minas celebra cinco anos do reconhecimento das Folias como patrim\u00f4nio cultural"},"content":{"rendered":"<p>Esta quinta-feira (6\/1), Dia de Reis, marca uma data muito importante para a cultura tradicional presente no estado. As Folias de Minas celebram com todos os mineiros o quinto ano de seu reconhecimento como Patrim\u00f4nio Cultural de Minas Gerais, com mais 1.600 grupos cadastrados em todas as regi\u00f5es do estado.<\/p>\n<p>Os estudos foram realizados pelo\u00a0<a href=\"http:\/\/www.iepha.mg.gov.br\/\" target=\"_blank\" rel=\"noopener\">Instituto Estadual do Patrim\u00f4nio Hist\u00f3rico e Art\u00edstico de Minas Gerais (Iepha-MG)<\/a>\u00a0em parceria com as prefeituras. Em 2017, ap\u00f3s um ano de\u00a0 pesquisa e identifica\u00e7\u00e3o por meio de cadastro virtual dispon\u00edvel no portal do Iepha, o Conselho Estadual de Patrim\u00f4nio Cultural de Minas Gerais aprovou, por unanimidade, o registro das Folias como patrim\u00f4nio cultural de natureza imaterial.<\/p>\n<p>Os grupos cadastrados est\u00e3o presentes em mais de 400 munic\u00edpios, com destaque para Uberaba, com 133; Jo\u00e3o Pinheiro (34),\u00a0 Uberl\u00e2ndia (32), Presidente Oleg\u00e1rio (30) e Sete Lagoas (29).<\/p>\n<p>O presidente do Iepha-MG, Felipe Pires, salienta a import\u00e2ncia do reconhecimento das Folias como patrim\u00f4nio cultural.\u00a0 \u201cA tradi\u00e7\u00e3o de montar pres\u00e9pios representando a natividade \u00e9 muito antiga e est\u00e1 presente em diversos territ\u00f3rios de cultura crist\u00e3 em todo o mundo. Em Minas Gerais, o que torna essa pr\u00e1tica especial s\u00e3o as caracter\u00edsticas particulares que essa tradi\u00e7\u00e3o aqui adquire, e suas rela\u00e7\u00f5es com as nossas folias de reis\u201d, destaca Felipe.<\/p>\n<p>Como uma das pr\u00e1ticas culturais mais antigas e difundidas no estado, as Folias, tamb\u00e9m denominadas Ternos, Companhias, Caravanas, entre outros, foram se tornando, ao longo dos anos, um componente de consider\u00e1vel import\u00e2ncia na constru\u00e7\u00e3o do imagin\u00e1rio, identidade e mem\u00f3ria do povo mineiro.<\/p>\n<p>Com suas distintas sonoridades, devo\u00e7\u00f5es, denomina\u00e7\u00f5es e formas, as Folias do estado fazem parte do diversificado e complexo universo de celebra\u00e7\u00f5es feitas em Minas Gerais, tendo se tornado, ao longo dos anos, uma importante refer\u00eancia cultural do povo mineiro. Essa diversidade contribuiu para que o Iepha\/MG instru\u00edsse, pela primeira vez, um processo de Registro que abrangesse todo o territ\u00f3rio mineiro. Esse processo, inovador e desafiante para a Institui\u00e7\u00e3o, foi desenvolvido de forma colaborativa e com a participa\u00e7\u00e3o de foli\u00f5es, de prefeituras municipais e de pesquisadores, por meio de uma plataforma virtual, lan\u00e7ada no site do Iepha-MG, no dia 6\/1\/ 2016, na qual \u00e9 poss\u00edvel cadastrar os grupos de Folias do estado. A plataforma, dispon\u00edvel no site do Iepha-MG, permanece aberta com o recebimento cont\u00ednuo de informa\u00e7\u00f5es.<\/p>\n<p><strong>Salvaguardas das folias de Minas<\/strong><\/p>\n<p>Como a\u00e7\u00e3o de salvaguarda das Folias de Minas, o Iepha-MG promove, desde 2016, o Circuito de Pres\u00e9pios e Lapinhas. A edi\u00e7\u00e3o de 2021 integrou, de forma especial, a programa\u00e7\u00e3o dos 50 anos do Instituto, e contou com mais de 500 pres\u00e9pios residenciais e comunit\u00e1rios de 302 munic\u00edpios de todas as regi\u00f5es do estado. Tradicionalmente, os pres\u00e9pios recebem visitas at\u00e9 6\/1, data em que se comemora o dia de Santos Reis.<\/p>\n<p><strong>Tradi\u00e7\u00e3o\u00a0<\/strong><\/p>\n<p>No Brasil, a tradi\u00e7\u00e3o dos pres\u00e9pios alcan\u00e7ou contornos pr\u00f3prios, mas influenciados pelos h\u00e1bitos e costumes europeus da representa\u00e7\u00e3o da natividade, acompanhando as festas do ciclo natalino e, em especial, as folias criadas em honra e devo\u00e7\u00e3o aos santos Reis Magos. Contando com figuras de animais, pastores, casinhas, pequenas conchas e plantas, a cena de um pres\u00e9pio varia de acordo com os costumes do lugar.<\/p>\n<p>Em Minas Gerais, o pres\u00e9pio est\u00e1 presente desde o s\u00e9culo 18, com muitos desses montados nos chamados orat\u00f3rios-lapinha e maquinetas (caixas envidra\u00e7adas). Os orat\u00f3rios-lapinhas, t\u00edpicos do estado e procedentes da regi\u00e3o de Santa Luzia e Sabar\u00e1, geralmente acolhiam cenas ligadas \u00e0 natividade de Jesus.<\/p>\n<p>A tradi\u00e7\u00e3o e arte dos pres\u00e9pios encontram no Brasil uma de suas vertentes mais criativas, repleta de elementos sincr\u00e9ticos, traz as marcas da regionalidade. \u00c9 neste desejo de manter a tradi\u00e7\u00e3o cultural e religiosa que a\u00a0<a href=\"http:\/\/www.faop.mg.gov.br\/\" target=\"_blank\" rel=\"noopener\">Funda\u00e7\u00e3o de Arte de Ouro Preto (Faop)<\/a>\u00a0criou h\u00e1 mais 48 anos o Concurso Nacional de Pres\u00e9pios e tem por finalidade estimular as experi\u00eancias de cria\u00e7\u00f5es contempor\u00e2neas al\u00e9m de resgatar o sentido po\u00e9tico do pres\u00e9pio mineiro.<\/p>\n<p><strong>Publica\u00e7\u00f5es<\/strong><\/p>\n<p>No site do Iepha-MG est\u00e3o dispon\u00edveis o document\u00e1rio e o caderno que retratam as Folias de Minas. O filme, dirigido por Felipe Chimicatti e Pedro Carvalho, sob a coordena\u00e7\u00e3o da equipe t\u00e9cnica do Instituto, tamb\u00e9m est\u00e1 no canal do Iepha no YouTube.<\/p>\n<p>No document\u00e1rio, mestres e foli\u00f5es de diferentes devo\u00e7\u00f5es e de tr\u00eas localidades &#8211; S\u00e3o Jos\u00e9 da Serra, em Jaboticatubas; bairro Aparecida, em Belo Horizonte, e o distrito de Paci\u00eancia, no munic\u00edpio de Porteirinha, narram os rituais que estruturam as folias, desde o in\u00edcio da jornada com a visita da bandeira at\u00e9 a festa de encerramento.<\/p>\n<p>A produ\u00e7\u00e3o audiovisual e a publica\u00e7\u00e3o apresentam ainda elementos como o canto, a reza, os toques de instrumentos musicais, as dan\u00e7as, as comidas votivas e o uso de objetos sagrados, como m\u00e1scaras, toalhas, fitas e a bandeira com a imagem dos santos de devo\u00e7\u00e3o.<\/p>\n<p><span style=\"font-weight: 400;\">Fonte: Ag\u00eancia Brasil <\/span><\/p>\n","protected":false},"excerpt":{"rendered":"<p>Esta quinta-feira (6\/1), Dia de Reis, marca uma data muito importante para a cultura tradicional presente no estado. As Folias de Minas celebram com todos os mineiros o quinto ano de seu reconhecimento como Patrim\u00f4nio Cultural de Minas Gerais, com mais 1.600 grupos cadastrados em todas as regi\u00f5es do estado. Os estudos foram realizados pelo\u00a0Instituto [&hellip;]<\/p>\n","protected":false},"author":246,"featured_media":193351,"comment_status":"closed","ping_status":"closed","sticky":false,"template":"","format":"standard","meta":{"footnotes":""},"categories":[436,254,439],"tags":[],"class_list":["post-193350","post","type-post","status-publish","format-standard","has-post-thumbnail","hentry","category-destaque-da-semana","category-politica","category-ultima-hora"],"_links":{"self":[{"href":"https:\/\/diarioregionaldigital.com.br\/index.php?rest_route=\/wp\/v2\/posts\/193350","targetHints":{"allow":["GET"]}}],"collection":[{"href":"https:\/\/diarioregionaldigital.com.br\/index.php?rest_route=\/wp\/v2\/posts"}],"about":[{"href":"https:\/\/diarioregionaldigital.com.br\/index.php?rest_route=\/wp\/v2\/types\/post"}],"author":[{"embeddable":true,"href":"https:\/\/diarioregionaldigital.com.br\/index.php?rest_route=\/wp\/v2\/users\/246"}],"replies":[{"embeddable":true,"href":"https:\/\/diarioregionaldigital.com.br\/index.php?rest_route=%2Fwp%2Fv2%2Fcomments&post=193350"}],"version-history":[{"count":1,"href":"https:\/\/diarioregionaldigital.com.br\/index.php?rest_route=\/wp\/v2\/posts\/193350\/revisions"}],"predecessor-version":[{"id":193352,"href":"https:\/\/diarioregionaldigital.com.br\/index.php?rest_route=\/wp\/v2\/posts\/193350\/revisions\/193352"}],"wp:featuredmedia":[{"embeddable":true,"href":"https:\/\/diarioregionaldigital.com.br\/index.php?rest_route=\/wp\/v2\/media\/193351"}],"wp:attachment":[{"href":"https:\/\/diarioregionaldigital.com.br\/index.php?rest_route=%2Fwp%2Fv2%2Fmedia&parent=193350"}],"wp:term":[{"taxonomy":"category","embeddable":true,"href":"https:\/\/diarioregionaldigital.com.br\/index.php?rest_route=%2Fwp%2Fv2%2Fcategories&post=193350"},{"taxonomy":"post_tag","embeddable":true,"href":"https:\/\/diarioregionaldigital.com.br\/index.php?rest_route=%2Fwp%2Fv2%2Ftags&post=193350"}],"curies":[{"name":"wp","href":"https:\/\/api.w.org\/{rel}","templated":true}]}}