{"id":193346,"date":"2022-01-06T14:45:59","date_gmt":"2022-01-06T17:45:59","guid":{"rendered":"https:\/\/diarioregionaldigital.com.br\/?p=193346"},"modified":"2022-01-06T14:45:59","modified_gmt":"2022-01-06T17:45:59","slug":"pagamento-do-13o-do-funcionalismo-em-dia-ajudou-a-impulsionar-as-vendas-de-natal-em-bh-e-em-minas","status":"publish","type":"post","link":"https:\/\/diarioregionaldigital.com.br\/?p=193346","title":{"rendered":"Pagamento do 13\u00ba do funcionalismo em dia ajudou a impulsionar as vendas de Natal em BH e em Minas"},"content":{"rendered":"<p>O pagamento integral e em dia do 13\u00ba sal\u00e1rio de todos os servidores ativos e inativos do Estado injetou R$ 2,5 bilh\u00f5es na economia mineira e ajudou a incrementar as vendas de Natal. S\u00f3 em Belo Horizonte, o valor estimado da folha \u00e9 de R$ 541 milh\u00f5es, representando cerca de 98 mil pagamentos.\u00a0 Foi a primeira vez &#8211; em seis anos &#8211; que o abono natalino foi quitado sem atraso e sem parcelamento.<\/p>\n<p>De acordo com o levantamento da C\u00e2mara de Dirigentes Lojistas de Belo Horizonte (CDL-BH), realizado nos dias 27 e 28 de dezembro, 45,2% dos comerciantes afirmam que as vendas na data foram melhores que as de 2020.<\/p>\n<p>J\u00e1 uma pesquisa da Associa\u00e7\u00e3o dos Lojistas de Shopping Centers (Aloshopping) apurou que, entre 1\u00ba e 24 de dezembro, as vendas em Belo Horizonte e regi\u00e3o metropolitana tiveram crescimento real de 11,56% em compara\u00e7\u00e3o com o Natal do ano passado.<\/p>\n<p><strong>Crescimento<\/strong><\/p>\n<p>O presidente do Sindicato do Com\u00e9rcio Lojista de Belo Horizonte (Sindilojas-BH), Nadim Donato, afirmou que o pagamento integral do 13\u00ba do funcionalismo p\u00fablico estadual no dia 15 de dezembro resultou em aumento imediato das vendas.<\/p>\n<p>\u201cAp\u00f3s o pagamento do abono natalino, o comerciante notou uma mudan\u00e7a do comportamento do consumidor, que realmente foi \u00e0s compras. Um levantamento do Sindilojas-BH registrou crescimento mais expressivo das vendas justamente nos tr\u00eas dias consecutivos ap\u00f3s o pagamento do 13\u00ba sal\u00e1rio\u201d, disse.<\/p>\n<p><strong>Ranking<\/strong><\/p>\n<p>J\u00e1 o \u00cdndice Cielo do\u00a0Varejo\u00a0Ampliado (ICVA) registrou que as vendas de Natal no Brasil cresceram 11,1% em 2021, em compara\u00e7\u00e3o com o mesmo per\u00edodo do ano passado. O per\u00edodo avaliado foi a semana entre 19 e 25 de dezembro.<\/p>\n<p>De acordo com o ICVA, Minas Gerais ocupou a terceira coloca\u00e7\u00e3o entre os estados que registraram as maiores vendas, com expans\u00e3o de 9,3% no faturamento, ficando atr\u00e1s de Santa Catarina (14,4%) e Rio de Janeiro (13,3%), respectivamente.<\/p>\n<p><strong>Esfor\u00e7os<\/strong><\/p>\n<p>O pagamento do abono natalino \u00e9 um dos resultados dos esfor\u00e7os do governo para equilibrar as contas p\u00fablicas e arrumar a casa. Apesar da grande dificuldade financeira, agravada pela pandemia da covid, o atual governo conseguiu quitar sal\u00e1rios em dia, honrar compromissos, repassar recursos em atraso para cidades e atrair R$ 191 bilh\u00f5es em investimentos, gerando emprego e renda para os mineiros.<\/p>\n<p>Em agosto de 2021, o funcionalismo p\u00fablico j\u00e1 p\u00f4de sentir no bolso o resultado de uma gest\u00e3o eficiente. Foi naquele m\u00eas que o sal\u00e1rio voltou a ser depositado em \u00fanica parcela, sem escalonamento, para todos os servidores, no 5\u00ba dia \u00fatil. Desde 2016, os vencimentos eram divididos.<\/p>\n<p><span style=\"font-weight: 400;\"><br \/>\n<\/span><span style=\"font-weight: 400;\">Fonte: Ag\u00eancia Brasil <\/span><\/p>\n","protected":false},"excerpt":{"rendered":"<p>O pagamento integral e em dia do 13\u00ba sal\u00e1rio de todos os servidores ativos e inativos do Estado injetou R$ 2,5 bilh\u00f5es na economia mineira e ajudou a incrementar as vendas de Natal. S\u00f3 em Belo Horizonte, o valor estimado da folha \u00e9 de R$ 541 milh\u00f5es, representando cerca de 98 mil pagamentos.\u00a0 Foi a [&hellip;]<\/p>\n","protected":false},"author":246,"featured_media":193347,"comment_status":"closed","ping_status":"closed","sticky":false,"template":"","format":"standard","meta":{"footnotes":""},"categories":[436,254,439],"tags":[],"class_list":["post-193346","post","type-post","status-publish","format-standard","has-post-thumbnail","hentry","category-destaque-da-semana","category-politica","category-ultima-hora"],"_links":{"self":[{"href":"https:\/\/diarioregionaldigital.com.br\/index.php?rest_route=\/wp\/v2\/posts\/193346","targetHints":{"allow":["GET"]}}],"collection":[{"href":"https:\/\/diarioregionaldigital.com.br\/index.php?rest_route=\/wp\/v2\/posts"}],"about":[{"href":"https:\/\/diarioregionaldigital.com.br\/index.php?rest_route=\/wp\/v2\/types\/post"}],"author":[{"embeddable":true,"href":"https:\/\/diarioregionaldigital.com.br\/index.php?rest_route=\/wp\/v2\/users\/246"}],"replies":[{"embeddable":true,"href":"https:\/\/diarioregionaldigital.com.br\/index.php?rest_route=%2Fwp%2Fv2%2Fcomments&post=193346"}],"version-history":[{"count":2,"href":"https:\/\/diarioregionaldigital.com.br\/index.php?rest_route=\/wp\/v2\/posts\/193346\/revisions"}],"predecessor-version":[{"id":193349,"href":"https:\/\/diarioregionaldigital.com.br\/index.php?rest_route=\/wp\/v2\/posts\/193346\/revisions\/193349"}],"wp:featuredmedia":[{"embeddable":true,"href":"https:\/\/diarioregionaldigital.com.br\/index.php?rest_route=\/wp\/v2\/media\/193347"}],"wp:attachment":[{"href":"https:\/\/diarioregionaldigital.com.br\/index.php?rest_route=%2Fwp%2Fv2%2Fmedia&parent=193346"}],"wp:term":[{"taxonomy":"category","embeddable":true,"href":"https:\/\/diarioregionaldigital.com.br\/index.php?rest_route=%2Fwp%2Fv2%2Fcategories&post=193346"},{"taxonomy":"post_tag","embeddable":true,"href":"https:\/\/diarioregionaldigital.com.br\/index.php?rest_route=%2Fwp%2Fv2%2Ftags&post=193346"}],"curies":[{"name":"wp","href":"https:\/\/api.w.org\/{rel}","templated":true}]}}