{"id":193342,"date":"2022-01-06T14:44:06","date_gmt":"2022-01-06T17:44:06","guid":{"rendered":"https:\/\/diarioregionaldigital.com.br\/?p=193342"},"modified":"2022-01-06T14:44:06","modified_gmt":"2022-01-06T17:44:06","slug":"governo-lanca-plano-estadual-de-conservacao-e-recuperacao-da-mata-atlantica","status":"publish","type":"post","link":"https:\/\/diarioregionaldigital.com.br\/?p=193342","title":{"rendered":"Governo lan\u00e7a Plano Estadual de Conserva\u00e7\u00e3o e Recupera\u00e7\u00e3o da Mata Atl\u00e2ntica"},"content":{"rendered":"<p>O\u00a0<a href=\"http:\/\/www.ief.mg.gov.br\/\">Instituto Estadual de Florestas (IEF)<\/a>\u00a0lan\u00e7ou nesta quarta-feira (5\/1), durante Webinar\u00a0 Especial IEF 60 anos, o Plano Estadual de Conserva\u00e7\u00e3o e Recupera\u00e7\u00e3o da Mata Atl\u00e2ntica,\u00a0 resultado da parceria do IEF com a\u00a0<a href=\"http:\/\/www.agricultura.mg.gov.br\/\">Secretaria de Estado de Agricultura, Pecu\u00e1ria e Abastecimento (Seapa)<\/a>. O documento prev\u00ea o desenvolvimento de um diagn\u00f3stico do bioma em Minas Gerais, com a\u00e7\u00f5es de recupera\u00e7\u00e3o, regulariza\u00e7\u00e3o e fiscaliza\u00e7\u00e3o ambiental, al\u00e9m de incentivo \u00e0 agricultura sustent\u00e1vel e prote\u00e7\u00e3o da fauna, a serem implantados nos pr\u00f3ximos cinco anos.<\/p>\n<p>De acordo com o gerente de Recupera\u00e7\u00e3o Ambiental e Planejamento da Conserva\u00e7\u00e3o de Ecossistemas do IEF, Thiago Gelape, o Plano Estadual de Preserva\u00e7\u00e3o da Mata Atl\u00e2ntica dever\u00e1 estabelecer uma interface com o Programa de Regulariza\u00e7\u00e3o Ambiental (PRA), mantido pelo governo federal e gerido pelo IEF em Minas.<\/p>\n<p>\u201cO PRA tem por objetivo estimular a regulariza\u00e7\u00e3o de im\u00f3veis rurais via recupera\u00e7\u00e3o\/restaura\u00e7\u00e3o de \u00c1reas de Preserva\u00e7\u00e3o Permanente (APP), Reserva Legal (RL) e Uso Restrito (AUR), promovendo uma economia voltada \u00e0 restaura\u00e7\u00e3o de \u00e1reas verdes no estado. Dessa forma, o programa est\u00e1 diretamente relacionado \u00e0s a\u00e7\u00f5es previstas no Plano Estadual de Conserva\u00e7\u00e3o e Recupera\u00e7\u00e3o da Mata Atl\u00e2ntica\u201d, explica o gerente.<\/p>\n<p><strong>Refer\u00eancia<\/strong><\/p>\n<p>Na abertura do evento, que marcou as comemora\u00e7\u00f5es dos 60 anos de exist\u00eancia do IEF, a diretora-geral do \u00f3rg\u00e3o, Maria Am\u00e9lia Mattos, ressaltou a import\u00e2ncia do Instituto e como ele se tornou refer\u00eancia para o desenvolvimento sustent\u00e1vel por meio da execu\u00e7\u00e3o de suas pol\u00edticas florestais e de prote\u00e7\u00e3o \u00e0 biodiversidade em Minas. Ela tamb\u00e9m parabenizou os servidores do IEF e todos aqueles que participaram da hist\u00f3ria dele nessas seis d\u00e9cadas. \u201cMuito j\u00e1 foi realizado ao longo desses anos e muitas outras conquistas vir\u00e3o, sempre a partir do trabalho conjunto e do empenho pessoal de cada um de n\u00f3s. Vida longa ao IEF\u201d, frisou.<\/p>\n<p>Na oportunidade, tamb\u00e9m foi lan\u00e7ado oficialmente o\u00a0<a href=\"http:\/\/60anos.ief.mg.gov.br\/\">hotsite IEF 60 anos<\/a>. A p\u00e1gina re\u00fane um conte\u00fado exclusivo, com reportagens especiais, v\u00eddeos, depoimentos de servidores, al\u00e9m de uma linha do tempo com a hist\u00f3ria do Instituto desde sua funda\u00e7\u00e3o, em 1962. O conte\u00fado ser\u00e1 atualizado ao longo de todo m\u00eas de janeiro e pode ser acessado em\u00a0<a href=\"http:\/\/60anos.ief.mg.gov.br\/\">60anos. Ief.mg.gov.br<\/a>.<\/p>\n<p><a href=\"https:\/\/www.youtube.com\/watch?v=pVNiVUvnrus\" target=\"_blank\" rel=\"noopener\">Clique aqui para assistir o Webinar Especial IEF 60 anos na \u00edntegra<\/a><\/p>\n<p>Para ficar por dentro dos conte\u00fados comemorativos pelos 60 anos do IEF, acompanhe a rede social em\u00a0<a href=\"https:\/\/www.youtube.com\/watch?v=pVNiVUvnrus\" target=\"_blank\" rel=\"noopener\">@meioambienteminasgerais.<\/a><\/p>\n<p><span style=\"font-weight: 400;\">Fonte: Ag\u00eancia Brasil <\/span><\/p>\n","protected":false},"excerpt":{"rendered":"<p>O\u00a0Instituto Estadual de Florestas (IEF)\u00a0lan\u00e7ou nesta quarta-feira (5\/1), durante Webinar\u00a0 Especial IEF 60 anos, o Plano Estadual de Conserva\u00e7\u00e3o e Recupera\u00e7\u00e3o da Mata Atl\u00e2ntica,\u00a0 resultado da parceria do IEF com a\u00a0Secretaria de Estado de Agricultura, Pecu\u00e1ria e Abastecimento (Seapa). O documento prev\u00ea o desenvolvimento de um diagn\u00f3stico do bioma em Minas Gerais, com a\u00e7\u00f5es de [&hellip;]<\/p>\n","protected":false},"author":246,"featured_media":193343,"comment_status":"closed","ping_status":"closed","sticky":false,"template":"","format":"standard","meta":{"footnotes":""},"categories":[436,440,254,439],"tags":[],"class_list":["post-193342","post","type-post","status-publish","format-standard","has-post-thumbnail","hentry","category-destaque-da-semana","category-destaques-do-dia","category-politica","category-ultima-hora"],"_links":{"self":[{"href":"https:\/\/diarioregionaldigital.com.br\/index.php?rest_route=\/wp\/v2\/posts\/193342","targetHints":{"allow":["GET"]}}],"collection":[{"href":"https:\/\/diarioregionaldigital.com.br\/index.php?rest_route=\/wp\/v2\/posts"}],"about":[{"href":"https:\/\/diarioregionaldigital.com.br\/index.php?rest_route=\/wp\/v2\/types\/post"}],"author":[{"embeddable":true,"href":"https:\/\/diarioregionaldigital.com.br\/index.php?rest_route=\/wp\/v2\/users\/246"}],"replies":[{"embeddable":true,"href":"https:\/\/diarioregionaldigital.com.br\/index.php?rest_route=%2Fwp%2Fv2%2Fcomments&post=193342"}],"version-history":[{"count":2,"href":"https:\/\/diarioregionaldigital.com.br\/index.php?rest_route=\/wp\/v2\/posts\/193342\/revisions"}],"predecessor-version":[{"id":193345,"href":"https:\/\/diarioregionaldigital.com.br\/index.php?rest_route=\/wp\/v2\/posts\/193342\/revisions\/193345"}],"wp:featuredmedia":[{"embeddable":true,"href":"https:\/\/diarioregionaldigital.com.br\/index.php?rest_route=\/wp\/v2\/media\/193343"}],"wp:attachment":[{"href":"https:\/\/diarioregionaldigital.com.br\/index.php?rest_route=%2Fwp%2Fv2%2Fmedia&parent=193342"}],"wp:term":[{"taxonomy":"category","embeddable":true,"href":"https:\/\/diarioregionaldigital.com.br\/index.php?rest_route=%2Fwp%2Fv2%2Fcategories&post=193342"},{"taxonomy":"post_tag","embeddable":true,"href":"https:\/\/diarioregionaldigital.com.br\/index.php?rest_route=%2Fwp%2Fv2%2Ftags&post=193342"}],"curies":[{"name":"wp","href":"https:\/\/api.w.org\/{rel}","templated":true}]}}