{"id":193339,"date":"2022-01-06T14:40:50","date_gmt":"2022-01-06T17:40:50","guid":{"rendered":"https:\/\/diarioregionaldigital.com.br\/?p=193339"},"modified":"2022-01-06T14:40:50","modified_gmt":"2022-01-06T17:40:50","slug":"usuarios-com-outorga-tem-ate-dia-31-para-declarar-uso-de-agua-da-uniao","status":"publish","type":"post","link":"https:\/\/diarioregionaldigital.com.br\/?p=193339","title":{"rendered":"Usu\u00e1rios com outorga t\u00eam at\u00e9 dia 31 para declarar uso de \u00e1gua da Uni\u00e3o"},"content":{"rendered":"<p>A Ag\u00eancia Nacional de \u00c1guas e Saneamento B\u00e1sico (ANA) j\u00e1 est\u00e1 recebendo a Declara\u00e7\u00e3o Anual de Uso de Recursos H\u00eddricos (DAURH) de quem \u00e9 usu\u00e1rio de \u00e1gua da Uni\u00e3o com outorga para explora\u00e7\u00e3o do\u00a0recurso. O prazo come\u00e7ou a partir de 1\u00ba de janeiro e os usu\u00e1rios t\u00eam a obriga\u00e7\u00e3o de declarar at\u00e9\u00a031 de janeiro\u00a0o\u00a0volume\u00a0mensal\u00a0de \u00e1gua utilizado\u00a0no ano anterior.<img decoding=\"async\" src=\"https:\/\/agenciabrasil.ebc.com.br\/ebc.png?id=1435510&amp;o=node\" \/><img decoding=\"async\" src=\"https:\/\/agenciabrasil.ebc.com.br\/ebc.gif?id=1435510&amp;o=node\" \/><\/p>\n<p>Ap\u00f3s o per\u00edodo, o sistema de informa\u00e7\u00e3o \u00e9 fechado e n\u00e3o ser\u00e1\u00a0mais poss\u00edvel fazer a declara\u00e7\u00e3o. Quem n\u00e3o apresentar o documento dentro do prazo est\u00e1 sujeito a\u00a0penalidades que v\u00e3o de advert\u00eancia a\u00a0multas simples ou di\u00e1rias que podem variar\u00a0de R$ 100 a R$ 50 milh\u00f5es, a depender da gravidade da infra\u00e7\u00e3o.<\/p>\n<p>O controle das informa\u00e7\u00f5es sobre a utiliza\u00e7\u00e3o dos recursos h\u00eddricos permite que a ag\u00eancia\u00a0possa conhecer a real demanda de usos de \u00e1gua e melhorar sua gest\u00e3o na bacia hidrogr\u00e1fica. Como o porte dos usu\u00e1rios de \u00e1gua \u00e9 diferente em cada uma das bacias, somente usu\u00e1rios que captam \u00e1gua ou lan\u00e7am efluentes acima de determinados limites, e que est\u00e3o instalados em determinadas bacias s\u00e3o obrigados a declarar seus usos.<\/p>\n<p>A ag\u00eancia informou ainda que, este ano, na bacia do rio Para\u00edba do Sul, que banha os estados de S\u00e3o Paulo, Rio\u00a0de Janeiro\u00a0e Minas Gerais, os usu\u00e1rios de \u00e1gua que captam mais de 120 metros c\u00fabicos por hora (m\u00b3\/h), somando-se todas as capta\u00e7\u00f5es outorgadas,\u00a0e lan\u00e7am efluentes tratados com carga org\u00e2nica acima de 180 kg\/dia tamb\u00e9m devem enviar a declara\u00e7\u00e3o para cada ponto de capta\u00e7\u00e3o ou lan\u00e7amento de efluentes, conforme Resolu\u00e7\u00e3o ANA n\u00ba 91, de 2021.<\/p>\n<p>Para fazer a declara\u00e7\u00e3o \u00e9 preciso preencher o\u00a0<a href=\"http:\/\/www.snirh.gov.br\/cnarh\/index.jsf\" target=\"_blank\" rel=\"noopener\">formul\u00e1rio<\/a>\u00a0disponibilizado no Sistema Federal de Regula\u00e7\u00e3o de Uso (Regla)\u00a0e informar\u00a0os volumes de \u00e1gua captados a cada m\u00eas, considerando o per\u00edodo de exerc\u00edcio de 1\u00ba de janeiro a\u00a031 de dezembro\u00a0do ano anterior.<\/p>\n<p>Os usu\u00e1rios de \u00e1gua que t\u00eam enviado mensalmente dados de volume captado por meio do\u00a0<a href=\"https:\/\/www.youtube.com\/watch?v=dmmlWbW4lvs\" target=\"_blank\" rel=\"noopener\">aplicativo Declara\u00c1gua<\/a>\u00a0tamb\u00e9m devem enviar o documento.<\/p>\n<p><span style=\"font-weight: 400;\">Fonte: Ag\u00eancia Brasil <\/span><\/p>\n","protected":false},"excerpt":{"rendered":"<p>A Ag\u00eancia Nacional de \u00c1guas e Saneamento B\u00e1sico (ANA) j\u00e1 est\u00e1 recebendo a Declara\u00e7\u00e3o Anual de Uso de Recursos H\u00eddricos (DAURH) de quem \u00e9 usu\u00e1rio de \u00e1gua da Uni\u00e3o com outorga para explora\u00e7\u00e3o do\u00a0recurso. O prazo come\u00e7ou a partir de 1\u00ba de janeiro e os usu\u00e1rios t\u00eam a obriga\u00e7\u00e3o de declarar at\u00e9\u00a031 de janeiro\u00a0o\u00a0volume\u00a0mensal\u00a0de \u00e1gua [&hellip;]<\/p>\n","protected":false},"author":246,"featured_media":193340,"comment_status":"closed","ping_status":"closed","sticky":false,"template":"","format":"standard","meta":{"footnotes":""},"categories":[436,261,439],"tags":[],"class_list":["post-193339","post","type-post","status-publish","format-standard","has-post-thumbnail","hentry","category-destaque-da-semana","category-economia","category-ultima-hora"],"_links":{"self":[{"href":"https:\/\/diarioregionaldigital.com.br\/index.php?rest_route=\/wp\/v2\/posts\/193339","targetHints":{"allow":["GET"]}}],"collection":[{"href":"https:\/\/diarioregionaldigital.com.br\/index.php?rest_route=\/wp\/v2\/posts"}],"about":[{"href":"https:\/\/diarioregionaldigital.com.br\/index.php?rest_route=\/wp\/v2\/types\/post"}],"author":[{"embeddable":true,"href":"https:\/\/diarioregionaldigital.com.br\/index.php?rest_route=\/wp\/v2\/users\/246"}],"replies":[{"embeddable":true,"href":"https:\/\/diarioregionaldigital.com.br\/index.php?rest_route=%2Fwp%2Fv2%2Fcomments&post=193339"}],"version-history":[{"count":1,"href":"https:\/\/diarioregionaldigital.com.br\/index.php?rest_route=\/wp\/v2\/posts\/193339\/revisions"}],"predecessor-version":[{"id":193341,"href":"https:\/\/diarioregionaldigital.com.br\/index.php?rest_route=\/wp\/v2\/posts\/193339\/revisions\/193341"}],"wp:featuredmedia":[{"embeddable":true,"href":"https:\/\/diarioregionaldigital.com.br\/index.php?rest_route=\/wp\/v2\/media\/193340"}],"wp:attachment":[{"href":"https:\/\/diarioregionaldigital.com.br\/index.php?rest_route=%2Fwp%2Fv2%2Fmedia&parent=193339"}],"wp:term":[{"taxonomy":"category","embeddable":true,"href":"https:\/\/diarioregionaldigital.com.br\/index.php?rest_route=%2Fwp%2Fv2%2Fcategories&post=193339"},{"taxonomy":"post_tag","embeddable":true,"href":"https:\/\/diarioregionaldigital.com.br\/index.php?rest_route=%2Fwp%2Fv2%2Ftags&post=193339"}],"curies":[{"name":"wp","href":"https:\/\/api.w.org\/{rel}","templated":true}]}}