{"id":193336,"date":"2022-01-06T14:39:35","date_gmt":"2022-01-06T17:39:35","guid":{"rendered":"https:\/\/diarioregionaldigital.com.br\/?p=193336"},"modified":"2022-01-06T14:39:35","modified_gmt":"2022-01-06T17:39:35","slug":"fgv-indicador-de-emprego-tem-segunda-queda-consecutiva","status":"publish","type":"post","link":"https:\/\/diarioregionaldigital.com.br\/?p=193336","title":{"rendered":"FGV: indicador de emprego tem segunda queda consecutiva"},"content":{"rendered":"<p>O\u00a0Indicador Antecedente de Emprego (Iaemp),\u00a0medido pela Funda\u00e7\u00e3o Getulio Vargas (FGV), teve queda de 1,2 ponto\u00a0em dezembro, encerrando 2021 com 81,8 pontos. \u00c9 a\u00a0segunda\u00a0queda consecutiva do indicador, que chegou ao menor patamar desde abril do ano passado.<img decoding=\"async\" src=\"https:\/\/agenciabrasil.ebc.com.br\/ebc.png?id=1435553&amp;o=node\" \/><img decoding=\"async\" src=\"https:\/\/agenciabrasil.ebc.com.br\/ebc.gif?id=1435553&amp;o=node\" \/><\/p>\n<p>O Iaemp busca antecipar tend\u00eancias do mercado de trabalho para os pr\u00f3ximos meses e \u00e9 calculado com base em entrevistas com consumidores e empres\u00e1rios da ind\u00fastria e do setor de servi\u00e7os.<\/p>\n<p>Cinco dos sete componentes do indicador tiveram queda, com destaque para a situa\u00e7\u00e3o atual dos neg\u00f3cios da ind\u00fastria, que recuou 7 pontos, e para tend\u00eancias dos neg\u00f3cios de servi\u00e7os, que cedeu 3 pontos. Os dois componentes que tiveram alta foram situa\u00e7\u00e3o atual dos neg\u00f3cios de servi\u00e7os (2,5 pontos) e emprego previsto da ind\u00fastria (2,2 pontos).<\/p>\n<p>\u201cA desacelera\u00e7\u00e3o da economia no final de 2021, observada nos principais setores, parece ser o principal fator para esse resultado j\u00e1 que a pandemia, neste momento, parece controlada. Para os primeiros meses de 2022, \u00e9 dif\u00edcil vislumbrar um cen\u00e1rio muito favor\u00e1vel para o mercado de trabalho considerando o fr\u00e1gil ambiente macroecon\u00f4mico que deve persistir no curto prazo\u201d, afirma o economista da FGV Rodolpho Tobler.<\/p>\n<p><span style=\"font-weight: 400;\">Fonte: Ag\u00eancia Brasil\u00a0<\/span><span style=\"font-weight: 400;\"><br \/>\n<\/span><\/p>\n","protected":false},"excerpt":{"rendered":"<p>O\u00a0Indicador Antecedente de Emprego (Iaemp),\u00a0medido pela Funda\u00e7\u00e3o Getulio Vargas (FGV), teve queda de 1,2 ponto\u00a0em dezembro, encerrando 2021 com 81,8 pontos. \u00c9 a\u00a0segunda\u00a0queda consecutiva do indicador, que chegou ao menor patamar desde abril do ano passado. O Iaemp busca antecipar tend\u00eancias do mercado de trabalho para os pr\u00f3ximos meses e \u00e9 calculado com base em [&hellip;]<\/p>\n","protected":false},"author":246,"featured_media":193337,"comment_status":"closed","ping_status":"closed","sticky":false,"template":"","format":"standard","meta":{"footnotes":""},"categories":[436,261,439],"tags":[],"class_list":["post-193336","post","type-post","status-publish","format-standard","has-post-thumbnail","hentry","category-destaque-da-semana","category-economia","category-ultima-hora"],"_links":{"self":[{"href":"https:\/\/diarioregionaldigital.com.br\/index.php?rest_route=\/wp\/v2\/posts\/193336","targetHints":{"allow":["GET"]}}],"collection":[{"href":"https:\/\/diarioregionaldigital.com.br\/index.php?rest_route=\/wp\/v2\/posts"}],"about":[{"href":"https:\/\/diarioregionaldigital.com.br\/index.php?rest_route=\/wp\/v2\/types\/post"}],"author":[{"embeddable":true,"href":"https:\/\/diarioregionaldigital.com.br\/index.php?rest_route=\/wp\/v2\/users\/246"}],"replies":[{"embeddable":true,"href":"https:\/\/diarioregionaldigital.com.br\/index.php?rest_route=%2Fwp%2Fv2%2Fcomments&post=193336"}],"version-history":[{"count":1,"href":"https:\/\/diarioregionaldigital.com.br\/index.php?rest_route=\/wp\/v2\/posts\/193336\/revisions"}],"predecessor-version":[{"id":193338,"href":"https:\/\/diarioregionaldigital.com.br\/index.php?rest_route=\/wp\/v2\/posts\/193336\/revisions\/193338"}],"wp:featuredmedia":[{"embeddable":true,"href":"https:\/\/diarioregionaldigital.com.br\/index.php?rest_route=\/wp\/v2\/media\/193337"}],"wp:attachment":[{"href":"https:\/\/diarioregionaldigital.com.br\/index.php?rest_route=%2Fwp%2Fv2%2Fmedia&parent=193336"}],"wp:term":[{"taxonomy":"category","embeddable":true,"href":"https:\/\/diarioregionaldigital.com.br\/index.php?rest_route=%2Fwp%2Fv2%2Fcategories&post=193336"},{"taxonomy":"post_tag","embeddable":true,"href":"https:\/\/diarioregionaldigital.com.br\/index.php?rest_route=%2Fwp%2Fv2%2Ftags&post=193336"}],"curies":[{"name":"wp","href":"https:\/\/api.w.org\/{rel}","templated":true}]}}