{"id":193333,"date":"2022-01-06T14:37:58","date_gmt":"2022-01-06T17:37:58","guid":{"rendered":"https:\/\/diarioregionaldigital.com.br\/?p=193333"},"modified":"2022-01-06T14:37:58","modified_gmt":"2022-01-06T17:37:58","slug":"igp-di-fecha-2021-com-inflacao-acumulada-de-1774","status":"publish","type":"post","link":"https:\/\/diarioregionaldigital.com.br\/?p=193333","title":{"rendered":"IGP-DI fecha 2021 com infla\u00e7\u00e3o acumulada de 17,74%"},"content":{"rendered":"<p>O\u00a0\u00cdndice Geral de Pre\u00e7os \u2013 Disponibilidade Interna (IGP-DI)\u00a0fechou 2021 com\u00a0infla\u00e7\u00e3o acumulada de 17,74%. A taxa ficou abaixo da observada no ano anterior (23,08%). O dado foi divulgado\u00a0hoje\u00a0(6) pela Funda\u00e7\u00e3o Getulio Vargas (FGV).<img decoding=\"async\" src=\"https:\/\/agenciabrasil.ebc.com.br\/ebc.png?id=1435513&amp;o=node\" \/><img decoding=\"async\" src=\"https:\/\/agenciabrasil.ebc.com.br\/ebc.gif?id=1435513&amp;o=node\" \/><\/p>\n<p>Em 2021, a maior alta de pre\u00e7os foi observada no atacado. O \u00cdndice de Pre\u00e7os ao Produtor Amplo (IPA), que mede o segmento, fechou o ano com infla\u00e7\u00e3o de 20,64%.<\/p>\n<p>O \u00cdndice de Pre\u00e7os ao Consumidor (IPC), que mede o varejo, registrou taxa de 9,34% em 2021. J\u00e1 o \u00cdndice Nacional de Custo da Constru\u00e7\u00e3o (INCC) teve infla\u00e7\u00e3o de 13,85% no per\u00edodo.<\/p>\n<p><strong>Dezembro<\/strong><\/p>\n<p>Em dezembro de 2021, o IGP-DI ficou em 1,25%,\u00a0acima do\u00a0\u00edndice\u00a0de novembro, que teve queda de pre\u00e7os de 0,58%, e\u00a0de dezembro\u00a0do ano anterior, que registrou\u00a0infla\u00e7\u00e3o de 0,76%. Entre os segmentos analisados, as taxas registradas foram as seguintes: IPA (1,54%), IPC (0,57%) e INCC (0,35%).<\/p>\n<p>Fonte: Ag\u00eancia Brasil<\/p>\n","protected":false},"excerpt":{"rendered":"<p>O\u00a0\u00cdndice Geral de Pre\u00e7os \u2013 Disponibilidade Interna (IGP-DI)\u00a0fechou 2021 com\u00a0infla\u00e7\u00e3o acumulada de 17,74%. A taxa ficou abaixo da observada no ano anterior (23,08%). O dado foi divulgado\u00a0hoje\u00a0(6) pela Funda\u00e7\u00e3o Getulio Vargas (FGV). Em 2021, a maior alta de pre\u00e7os foi observada no atacado. O \u00cdndice de Pre\u00e7os ao Produtor Amplo (IPA), que mede o segmento, [&hellip;]<\/p>\n","protected":false},"author":246,"featured_media":193334,"comment_status":"closed","ping_status":"closed","sticky":false,"template":"","format":"standard","meta":{"footnotes":""},"categories":[436,261,439],"tags":[],"class_list":["post-193333","post","type-post","status-publish","format-standard","has-post-thumbnail","hentry","category-destaque-da-semana","category-economia","category-ultima-hora"],"_links":{"self":[{"href":"https:\/\/diarioregionaldigital.com.br\/index.php?rest_route=\/wp\/v2\/posts\/193333","targetHints":{"allow":["GET"]}}],"collection":[{"href":"https:\/\/diarioregionaldigital.com.br\/index.php?rest_route=\/wp\/v2\/posts"}],"about":[{"href":"https:\/\/diarioregionaldigital.com.br\/index.php?rest_route=\/wp\/v2\/types\/post"}],"author":[{"embeddable":true,"href":"https:\/\/diarioregionaldigital.com.br\/index.php?rest_route=\/wp\/v2\/users\/246"}],"replies":[{"embeddable":true,"href":"https:\/\/diarioregionaldigital.com.br\/index.php?rest_route=%2Fwp%2Fv2%2Fcomments&post=193333"}],"version-history":[{"count":1,"href":"https:\/\/diarioregionaldigital.com.br\/index.php?rest_route=\/wp\/v2\/posts\/193333\/revisions"}],"predecessor-version":[{"id":193335,"href":"https:\/\/diarioregionaldigital.com.br\/index.php?rest_route=\/wp\/v2\/posts\/193333\/revisions\/193335"}],"wp:featuredmedia":[{"embeddable":true,"href":"https:\/\/diarioregionaldigital.com.br\/index.php?rest_route=\/wp\/v2\/media\/193334"}],"wp:attachment":[{"href":"https:\/\/diarioregionaldigital.com.br\/index.php?rest_route=%2Fwp%2Fv2%2Fmedia&parent=193333"}],"wp:term":[{"taxonomy":"category","embeddable":true,"href":"https:\/\/diarioregionaldigital.com.br\/index.php?rest_route=%2Fwp%2Fv2%2Fcategories&post=193333"},{"taxonomy":"post_tag","embeddable":true,"href":"https:\/\/diarioregionaldigital.com.br\/index.php?rest_route=%2Fwp%2Fv2%2Ftags&post=193333"}],"curies":[{"name":"wp","href":"https:\/\/api.w.org\/{rel}","templated":true}]}}