{"id":193329,"date":"2022-01-06T14:36:16","date_gmt":"2022-01-06T17:36:16","guid":{"rendered":"https:\/\/diarioregionaldigital.com.br\/?p=193329"},"modified":"2022-01-06T14:36:16","modified_gmt":"2022-01-06T17:36:16","slug":"industria-brasileira-recua-02-de-outubro-para-novembro-de-2021","status":"publish","type":"post","link":"https:\/\/diarioregionaldigital.com.br\/?p=193329","title":{"rendered":"Ind\u00fastria brasileira recua 0,2% de outubro para novembro de 2021"},"content":{"rendered":"<p>A produ\u00e7\u00e3o industrial do pa\u00eds caiu 0,2% de outubro para novembro de 2021. Foi a sexta queda consecutiva do indicador, que acumula perdas de 4% no per\u00edodo de seis meses. Os dados da Pesquisa Industrial Mensal foram divulgados\u00a0hoje\u00a0(6) pelo Instituto Brasileiro de Geografia e Estat\u00edstica (IBGE).<img decoding=\"async\" src=\"https:\/\/agenciabrasil.ebc.com.br\/ebc.png?id=1435506&amp;o=node\" \/><img decoding=\"async\" src=\"https:\/\/agenciabrasil.ebc.com.br\/ebc.gif?id=1435506&amp;o=node\" \/><\/p>\n<p>Na compara\u00e7\u00e3o com novembro de 2020, a queda foi de 4,4%. Apesar disso, no acumulado do ano e no acumulado de 12 meses, a ind\u00fastria acumula altas, de 4,7% e de 5%, respectivamente.<\/p>\n<p>Na passagem\u00a0de outubro\u00a0para novembro, 12 das 26 atividades industriais tiveram queda na produ\u00e7\u00e3o. As perdas mais relevantes foram observadas nos segmentos de borracha e de material pl\u00e1stico (-4,8%), metalurgia (-3%), produtos de metal (-2,7%), bebidas (-2,2%) e coque, produtos derivados do petr\u00f3leo e biocombust\u00edveis (-0,6%).<\/p>\n<p>Treze ramos da ind\u00fastria tiveram alta. Os destaques foram produtos aliment\u00edcios (6,8%), ind\u00fastrias extrativas (5%) e ve\u00edculos automotores, reboques e carrocerias (2,9%).<\/p>\n<p>Entre as quatro grandes categorias econ\u00f4micas da ind\u00fastria, bens de capital, isto \u00e9, m\u00e1quinas e equipamentos usados no setor produtivo, foi\u00a0a \u00fanica com queda (-3%). Os bens de consumo dur\u00e1veis, por outro lado, apresentaram o \u00fanico ganho no m\u00eas (0,5%). Bens de consumo semi e n\u00e3o dur\u00e1veis e bens intermedi\u00e1rios (insumos industrializados usados no setor produtivo) mantiveram-se est\u00e1veis.<\/p>\n<p><span style=\"font-weight: 400;\">Fonte: Ag\u00eancia Brasil <\/span><\/p>\n","protected":false},"excerpt":{"rendered":"<p>A produ\u00e7\u00e3o industrial do pa\u00eds caiu 0,2% de outubro para novembro de 2021. Foi a sexta queda consecutiva do indicador, que acumula perdas de 4% no per\u00edodo de seis meses. Os dados da Pesquisa Industrial Mensal foram divulgados\u00a0hoje\u00a0(6) pelo Instituto Brasileiro de Geografia e Estat\u00edstica (IBGE). Na compara\u00e7\u00e3o com novembro de 2020, a queda foi [&hellip;]<\/p>\n","protected":false},"author":246,"featured_media":193330,"comment_status":"closed","ping_status":"closed","sticky":false,"template":"","format":"standard","meta":{"footnotes":""},"categories":[436,440,261,439],"tags":[],"class_list":["post-193329","post","type-post","status-publish","format-standard","has-post-thumbnail","hentry","category-destaque-da-semana","category-destaques-do-dia","category-economia","category-ultima-hora"],"_links":{"self":[{"href":"https:\/\/diarioregionaldigital.com.br\/index.php?rest_route=\/wp\/v2\/posts\/193329","targetHints":{"allow":["GET"]}}],"collection":[{"href":"https:\/\/diarioregionaldigital.com.br\/index.php?rest_route=\/wp\/v2\/posts"}],"about":[{"href":"https:\/\/diarioregionaldigital.com.br\/index.php?rest_route=\/wp\/v2\/types\/post"}],"author":[{"embeddable":true,"href":"https:\/\/diarioregionaldigital.com.br\/index.php?rest_route=\/wp\/v2\/users\/246"}],"replies":[{"embeddable":true,"href":"https:\/\/diarioregionaldigital.com.br\/index.php?rest_route=%2Fwp%2Fv2%2Fcomments&post=193329"}],"version-history":[{"count":1,"href":"https:\/\/diarioregionaldigital.com.br\/index.php?rest_route=\/wp\/v2\/posts\/193329\/revisions"}],"predecessor-version":[{"id":193331,"href":"https:\/\/diarioregionaldigital.com.br\/index.php?rest_route=\/wp\/v2\/posts\/193329\/revisions\/193331"}],"wp:featuredmedia":[{"embeddable":true,"href":"https:\/\/diarioregionaldigital.com.br\/index.php?rest_route=\/wp\/v2\/media\/193330"}],"wp:attachment":[{"href":"https:\/\/diarioregionaldigital.com.br\/index.php?rest_route=%2Fwp%2Fv2%2Fmedia&parent=193329"}],"wp:term":[{"taxonomy":"category","embeddable":true,"href":"https:\/\/diarioregionaldigital.com.br\/index.php?rest_route=%2Fwp%2Fv2%2Fcategories&post=193329"},{"taxonomy":"post_tag","embeddable":true,"href":"https:\/\/diarioregionaldigital.com.br\/index.php?rest_route=%2Fwp%2Fv2%2Ftags&post=193329"}],"curies":[{"name":"wp","href":"https:\/\/api.w.org\/{rel}","templated":true}]}}