{"id":193321,"date":"2022-01-05T17:05:55","date_gmt":"2022-01-05T20:05:55","guid":{"rendered":"https:\/\/diarioregionaldigital.com.br\/?p=193321"},"modified":"2022-01-05T17:05:55","modified_gmt":"2022-01-05T20:05:55","slug":"pagamento-a-vista-do-iptu-tera-maior-prazo-e-desconto-em-2022","status":"publish","type":"post","link":"https:\/\/diarioregionaldigital.com.br\/?p=193321","title":{"rendered":"Pagamento \u00e0 vista do IPTU ter\u00e1 maior prazo e desconto em 2022"},"content":{"rendered":"<p>Segundo informa\u00e7\u00f5es do site da Prefeitura de Juiz de Fora, os contribuintes que desejam pagar o Imposto Predial e Territorial Urbano (IPTU) \u00e0 vista em 2022 contar\u00e3o com maior percentual de desconto em compara\u00e7\u00e3o ao ano anterior, aumentando de 6% para 10,74%, al\u00e9m do prazo que come\u00e7a no dia 15 de janeiro e termina no dia 3 de fevereiro.<\/p>\n<p>\u201cAt\u00e9 o ano passado, o contribuinte voltava das f\u00e9rias e tinha at\u00e9 o dia 10 de janeiro para organizar suas contas e pagar o IPTU com desconto. Agora, ele tem alguns dias a mais para se organizar e aproveitar o desconto, que tamb\u00e9m est\u00e1 muito maior e rep\u00f5e integralmente a infla\u00e7\u00e3o\u201d, explica a secret\u00e1ria da Fazenda, Fernanda Finotti.<\/p>\n<p><strong>Onde pagar<\/strong><\/p>\n<p>Para pagar \u00e0 vista, basta ter o n\u00famero de inscri\u00e7\u00e3o do IPTU em m\u00e3os e\u00a0\u00a0<a href=\"https:\/\/tributos4.pjf.mg.gov.br\/iptu\/\"><strong>acessar o boleto pelo link<\/strong><\/a>,\u00a0<strong>que estar\u00e1 dispon\u00edvel a partir do dia 15 de janeiro<\/strong>. Quem desejar pagar parcelado, receber\u00e1 o carn\u00ea em sua resid\u00eancia a partir do m\u00eas de mar\u00e7o.<\/p>\n<p><strong>Pagamento em duplicidade<\/strong><\/p>\n<p>Caso o contribuinte efetue o pagamento em duplicidade, ele dever\u00e1 solicitar a Restitui\u00e7\u00e3o Contra Lan\u00e7amento (RCL) de maneira on-line por meio da plataforma \u201cPrefeitura \u00c1gil\u201d. Para os contribuintes que tiverem qualquer dificuldade na utiliza\u00e7\u00e3o da plataforma, os locais de atendimento ao cidad\u00e3o estar\u00e3o dispon\u00edveis para aux\u00edlio, mediante agendamento pr\u00e9vio, das 9h \u00e0s 15h, pelos telefones 2104-8530, 2104-8531, 2104-8580, 3690-8151 ou ainda nas regionais norte 3690-7877 e nordeste 3690-8610.<\/p>\n<p>A Secretaria da Fazenda (SF) tamb\u00e9m disponibilizar\u00e1 servidores para permanecerem em plant\u00e3o de atendimento a partir do dia 15, na Avenida Brasil, 2.001, 3\u00ba andar, e atendendo atrav\u00e9s do telefone 3690-7339.<\/p>\n","protected":false},"excerpt":{"rendered":"<p>Segundo informa\u00e7\u00f5es do site da Prefeitura de Juiz de Fora, os contribuintes que desejam pagar o Imposto Predial e Territorial Urbano (IPTU) \u00e0 vista em 2022 contar\u00e3o com maior percentual de desconto em compara\u00e7\u00e3o ao ano anterior, aumentando de 6% para 10,74%, al\u00e9m do prazo que come\u00e7a no dia 15 de janeiro e termina no [&hellip;]<\/p>\n","protected":false},"author":246,"featured_media":193322,"comment_status":"closed","ping_status":"closed","sticky":false,"template":"","format":"standard","meta":{"footnotes":""},"categories":[253,436,439],"tags":[],"class_list":["post-193321","post","type-post","status-publish","format-standard","has-post-thumbnail","hentry","category-cidade","category-destaque-da-semana","category-ultima-hora"],"_links":{"self":[{"href":"https:\/\/diarioregionaldigital.com.br\/index.php?rest_route=\/wp\/v2\/posts\/193321","targetHints":{"allow":["GET"]}}],"collection":[{"href":"https:\/\/diarioregionaldigital.com.br\/index.php?rest_route=\/wp\/v2\/posts"}],"about":[{"href":"https:\/\/diarioregionaldigital.com.br\/index.php?rest_route=\/wp\/v2\/types\/post"}],"author":[{"embeddable":true,"href":"https:\/\/diarioregionaldigital.com.br\/index.php?rest_route=\/wp\/v2\/users\/246"}],"replies":[{"embeddable":true,"href":"https:\/\/diarioregionaldigital.com.br\/index.php?rest_route=%2Fwp%2Fv2%2Fcomments&post=193321"}],"version-history":[{"count":2,"href":"https:\/\/diarioregionaldigital.com.br\/index.php?rest_route=\/wp\/v2\/posts\/193321\/revisions"}],"predecessor-version":[{"id":193324,"href":"https:\/\/diarioregionaldigital.com.br\/index.php?rest_route=\/wp\/v2\/posts\/193321\/revisions\/193324"}],"wp:featuredmedia":[{"embeddable":true,"href":"https:\/\/diarioregionaldigital.com.br\/index.php?rest_route=\/wp\/v2\/media\/193322"}],"wp:attachment":[{"href":"https:\/\/diarioregionaldigital.com.br\/index.php?rest_route=%2Fwp%2Fv2%2Fmedia&parent=193321"}],"wp:term":[{"taxonomy":"category","embeddable":true,"href":"https:\/\/diarioregionaldigital.com.br\/index.php?rest_route=%2Fwp%2Fv2%2Fcategories&post=193321"},{"taxonomy":"post_tag","embeddable":true,"href":"https:\/\/diarioregionaldigital.com.br\/index.php?rest_route=%2Fwp%2Fv2%2Ftags&post=193321"}],"curies":[{"name":"wp","href":"https:\/\/api.w.org\/{rel}","templated":true}]}}