{"id":193318,"date":"2022-01-05T17:04:34","date_gmt":"2022-01-05T20:04:34","guid":{"rendered":"https:\/\/diarioregionaldigital.com.br\/?p=193318"},"modified":"2022-01-05T17:04:34","modified_gmt":"2022-01-05T20:04:34","slug":"empav-realiza-operacao-tapa-buracos-nos-bairros-cascatinha-encosta-do-sol-graminha-ipiranga-e-nova-era","status":"publish","type":"post","link":"https:\/\/diarioregionaldigital.com.br\/?p=193318","title":{"rendered":"Empav realiza opera\u00e7\u00e3o tapa-buracos nos bairros Cascatinha, Encosta do Sol, Graminha, Ipiranga e Nova Era"},"content":{"rendered":"<p>Segundo informa\u00e7\u00f5es do site da Prefeitura de Juiz de Fora, na manh\u00e3 desta quarta-feira, 5, servidores da Empresa Municipal de Pavimenta\u00e7\u00e3o e Urbaniza\u00e7\u00e3o (Empav) da Prefeitura de Juiz de Fora (PJF) realizaram a opera\u00e7\u00e3o tapa-buracos nos bairros Cascatinha, Encosta do Sol, Graminha, Ipiranga e Nova Era. Prosseguindo com as demandas da popula\u00e7\u00e3o e contribuindo para os resultados do Programa Boniteza da PJF, na segunda-feira, 3, equipes conclu\u00edram os servi\u00e7os de recomposi\u00e7\u00e3o asf\u00e1ltica nos bairros Bom Clima, Cidade Alta, Eldorado, Granbery, S\u00e3o Benedito, S\u00e3o Bernardo e Santa Luzia.<\/p>\n<p>Al\u00e9m dessas a\u00e7\u00f5es, servidores estiveram nesta ter\u00e7a-feira, 4, na Rua Ces\u00e1rio Alvim, no S\u00e3o Bernardo, onde realizaram as a\u00e7\u00f5es de pavimenta\u00e7\u00e3o. Al\u00e9m da opera\u00e7\u00e3o tapa-buracos programada para esta quarta-feira em diversos corredores de tr\u00e1fego da cidade, a Empav atua tamb\u00e9m na pavimenta\u00e7\u00e3o da Rua Carlos Palmer, no bairro Vila Ozanan.<br \/>\nNesta quarta-feira, 6, os servi\u00e7os de pavimenta\u00e7\u00e3o e recomposi\u00e7\u00e3o asf\u00e1ltica acontecem nas seguintes vias:<\/p>\n<p>&#8211; Recomposi\u00e7\u00e3o Asf\u00e1ltica (Tapa-Buraco):<\/p>\n<p>Avenida Prefeito Mello Reis &#8211; Aeroporto<\/p>\n<p>Rua Jandira Lima Pinheiro &#8211; Bela Aurora<\/p>\n<p>Rua Ol\u00edvia Moreira &#8211; Bela Aurora<\/p>\n<p>Avenida Paulo Japiassu Coelho &#8211; Cascatinha<\/p>\n<p>Rua Esp\u00edrito Santo &#8211; Centro<\/p>\n<p>Avenida Brasil &#8211; Diversos<\/p>\n<p>Avenida Bar\u00e3o do Rio Branco &#8211; Diversos<\/p>\n<p>Avenida Nicolau Ibrahim Arbex &#8211; Encosta do Sol<\/p>\n<p>Rua Jame Schimitz &#8211; Encosta do Sol<\/p>\n<p>Rua Jo\u00e3o Leite de Oliveira &#8211; Encosta do Sol<\/p>\n<p>Avenida Joaquim Vicente Guedes &#8211; Graminha*<\/p>\n<p>Avenida Darcy Vargas &#8211; Ipiranga*<\/p>\n<p>Avenida dos Andradas &#8211; Morro da Gl\u00f3ria<\/p>\n<p>Rua Elp\u00eddio Jos\u00e9 dos Reis &#8211; Nova Era*<\/p>\n<p>Rua \u00c1lvaro Cruz Lemos &#8211; Nova Era\/Santa Cruz*<\/p>\n<p>Avenida Santa Luzia &#8211; Santa Luzia*<\/p>\n<p>Avenida Deusdedith Salgado &#8211; Salvaterra<br \/>\n&#8211; Pavimenta\u00e7\u00e3o Asf\u00e1ltica:<\/p>\n<p>Rua Carlos Palmer &#8211; Vila Ozanan<br \/>\n*Servi\u00e7os seguem em andamento nessas vias<\/p>\n<p>Para solicitar estes e outros servi\u00e7os, entre em contato com o Gabinete de A\u00e7\u00e3o e Di\u00e1logo Comunit\u00e1rio, que recebe e organiza pedidos relativos a interven\u00e7\u00f5es e melhorias urbanas. O contato pode ser feito atrav\u00e9s de liga\u00e7\u00e3o telef\u00f4nica pelo n\u00famero (32) 3690-7241 ou via WhatsApp, utilizando o mesmo n\u00famero.<\/p>\n<div><\/div>\n","protected":false},"excerpt":{"rendered":"<p>Segundo informa\u00e7\u00f5es do site da Prefeitura de Juiz de Fora, na manh\u00e3 desta quarta-feira, 5, servidores da Empresa Municipal de Pavimenta\u00e7\u00e3o e Urbaniza\u00e7\u00e3o (Empav) da Prefeitura de Juiz de Fora (PJF) realizaram a opera\u00e7\u00e3o tapa-buracos nos bairros Cascatinha, Encosta do Sol, Graminha, Ipiranga e Nova Era. Prosseguindo com as demandas da popula\u00e7\u00e3o e contribuindo para [&hellip;]<\/p>\n","protected":false},"author":246,"featured_media":193319,"comment_status":"closed","ping_status":"closed","sticky":false,"template":"","format":"standard","meta":{"footnotes":""},"categories":[253,436,439],"tags":[],"class_list":["post-193318","post","type-post","status-publish","format-standard","has-post-thumbnail","hentry","category-cidade","category-destaque-da-semana","category-ultima-hora"],"_links":{"self":[{"href":"https:\/\/diarioregionaldigital.com.br\/index.php?rest_route=\/wp\/v2\/posts\/193318","targetHints":{"allow":["GET"]}}],"collection":[{"href":"https:\/\/diarioregionaldigital.com.br\/index.php?rest_route=\/wp\/v2\/posts"}],"about":[{"href":"https:\/\/diarioregionaldigital.com.br\/index.php?rest_route=\/wp\/v2\/types\/post"}],"author":[{"embeddable":true,"href":"https:\/\/diarioregionaldigital.com.br\/index.php?rest_route=\/wp\/v2\/users\/246"}],"replies":[{"embeddable":true,"href":"https:\/\/diarioregionaldigital.com.br\/index.php?rest_route=%2Fwp%2Fv2%2Fcomments&post=193318"}],"version-history":[{"count":1,"href":"https:\/\/diarioregionaldigital.com.br\/index.php?rest_route=\/wp\/v2\/posts\/193318\/revisions"}],"predecessor-version":[{"id":193320,"href":"https:\/\/diarioregionaldigital.com.br\/index.php?rest_route=\/wp\/v2\/posts\/193318\/revisions\/193320"}],"wp:featuredmedia":[{"embeddable":true,"href":"https:\/\/diarioregionaldigital.com.br\/index.php?rest_route=\/wp\/v2\/media\/193319"}],"wp:attachment":[{"href":"https:\/\/diarioregionaldigital.com.br\/index.php?rest_route=%2Fwp%2Fv2%2Fmedia&parent=193318"}],"wp:term":[{"taxonomy":"category","embeddable":true,"href":"https:\/\/diarioregionaldigital.com.br\/index.php?rest_route=%2Fwp%2Fv2%2Fcategories&post=193318"},{"taxonomy":"post_tag","embeddable":true,"href":"https:\/\/diarioregionaldigital.com.br\/index.php?rest_route=%2Fwp%2Fv2%2Ftags&post=193318"}],"curies":[{"name":"wp","href":"https:\/\/api.w.org\/{rel}","templated":true}]}}