{"id":193315,"date":"2022-01-05T17:02:56","date_gmt":"2022-01-05T20:02:56","guid":{"rendered":"https:\/\/diarioregionaldigital.com.br\/?p=193315"},"modified":"2022-01-05T17:02:56","modified_gmt":"2022-01-05T20:02:56","slug":"rua-santo-antonio-tem-trecho-interditado-nesta-quinta-feira-pela-manha","status":"publish","type":"post","link":"https:\/\/diarioregionaldigital.com.br\/?p=193315","title":{"rendered":"Rua Santo Ant\u00f4nio tem trecho interditado nesta quinta-feira pela manh\u00e3"},"content":{"rendered":"<div id=\"box_texto_noticia\">\n<p>Segundo informa\u00e7\u00f5es do site da Prefeitura de Juiz de Fora, o trecho da Rua Santo Ant\u00f4nio entre as vias Bar\u00e3o de Cataguases e Paula Lima, no Centro, ser\u00e1 interditado na manh\u00e3 desta quinta-feira, 6, no per\u00edodo da manh\u00e3. O motivo do fechamento \u00e9 a conclus\u00e3o de um reparo na rede de \u00e1gua pluvial que sofreu danos com as fortes chuvas, na Rua Paula Lima. Por\u00e9m, esta via n\u00e3o precisar\u00e1 ser interditada, mas a circula\u00e7\u00e3o ser\u00e1 limitada a meia pista. Os trabalhos ser\u00e3o realizados pela Secretaria de Obras (SO), da Prefeitura de Juiz de Fora (PJF).<\/p>\n<p>Os motoristas que precisam utilizar o trecho interditado para acessar a avenida do Andradas, devem utilizar o seguinte desvio: Rua Bar\u00e3o\u00a0de Cataguases, Rua Jo\u00e3o Pinheiro e Rua Paula Lima. N\u00e3o h\u00e1 circula\u00e7\u00e3o de \u00f4nibus no local.<\/p><\/div>\n<p>&nbsp;<\/p>\n<div id=\"box_compartilhar\" align=\"right\"><\/div>\n","protected":false},"excerpt":{"rendered":"<p>Segundo informa\u00e7\u00f5es do site da Prefeitura de Juiz de Fora, o trecho da Rua Santo Ant\u00f4nio entre as vias Bar\u00e3o de Cataguases e Paula Lima, no Centro, ser\u00e1 interditado na manh\u00e3 desta quinta-feira, 6, no per\u00edodo da manh\u00e3. O motivo do fechamento \u00e9 a conclus\u00e3o de um reparo na rede de \u00e1gua pluvial que sofreu [&hellip;]<\/p>\n","protected":false},"author":246,"featured_media":193316,"comment_status":"closed","ping_status":"closed","sticky":false,"template":"","format":"standard","meta":{"footnotes":""},"categories":[253,436,439],"tags":[],"class_list":["post-193315","post","type-post","status-publish","format-standard","has-post-thumbnail","hentry","category-cidade","category-destaque-da-semana","category-ultima-hora"],"_links":{"self":[{"href":"https:\/\/diarioregionaldigital.com.br\/index.php?rest_route=\/wp\/v2\/posts\/193315","targetHints":{"allow":["GET"]}}],"collection":[{"href":"https:\/\/diarioregionaldigital.com.br\/index.php?rest_route=\/wp\/v2\/posts"}],"about":[{"href":"https:\/\/diarioregionaldigital.com.br\/index.php?rest_route=\/wp\/v2\/types\/post"}],"author":[{"embeddable":true,"href":"https:\/\/diarioregionaldigital.com.br\/index.php?rest_route=\/wp\/v2\/users\/246"}],"replies":[{"embeddable":true,"href":"https:\/\/diarioregionaldigital.com.br\/index.php?rest_route=%2Fwp%2Fv2%2Fcomments&post=193315"}],"version-history":[{"count":1,"href":"https:\/\/diarioregionaldigital.com.br\/index.php?rest_route=\/wp\/v2\/posts\/193315\/revisions"}],"predecessor-version":[{"id":193317,"href":"https:\/\/diarioregionaldigital.com.br\/index.php?rest_route=\/wp\/v2\/posts\/193315\/revisions\/193317"}],"wp:featuredmedia":[{"embeddable":true,"href":"https:\/\/diarioregionaldigital.com.br\/index.php?rest_route=\/wp\/v2\/media\/193316"}],"wp:attachment":[{"href":"https:\/\/diarioregionaldigital.com.br\/index.php?rest_route=%2Fwp%2Fv2%2Fmedia&parent=193315"}],"wp:term":[{"taxonomy":"category","embeddable":true,"href":"https:\/\/diarioregionaldigital.com.br\/index.php?rest_route=%2Fwp%2Fv2%2Fcategories&post=193315"},{"taxonomy":"post_tag","embeddable":true,"href":"https:\/\/diarioregionaldigital.com.br\/index.php?rest_route=%2Fwp%2Fv2%2Ftags&post=193315"}],"curies":[{"name":"wp","href":"https:\/\/api.w.org\/{rel}","templated":true}]}}