{"id":193306,"date":"2022-01-05T16:43:22","date_gmt":"2022-01-05T19:43:22","guid":{"rendered":"https:\/\/diarioregionaldigital.com.br\/?p=193306"},"modified":"2022-01-05T16:43:22","modified_gmt":"2022-01-05T19:43:22","slug":"meio-campista-nathan-acerta-com-o-fluminense","status":"publish","type":"post","link":"https:\/\/diarioregionaldigital.com.br\/?p=193306","title":{"rendered":"Meio-campista Nathan acerta com o Fluminense"},"content":{"rendered":"<p>O Fluminense anunciou nesta ter\u00e7a-feira (4) a contrata\u00e7\u00e3o do meio-campista Nathan. O jogador de 25 anos, que defendeu o Atl\u00e9tico-MG na \u00faltima temporada, assinou contrato de empr\u00e9stimo por um ano com op\u00e7\u00e3o de compra.<img decoding=\"async\" src=\"https:\/\/agenciabrasil.ebc.com.br\/ebc.png?id=1435288&amp;o=node\" \/><img decoding=\"async\" src=\"https:\/\/agenciabrasil.ebc.com.br\/ebc.gif?id=1435288&amp;o=node\" \/><\/p>\n<p>\u201cEstou muito feliz de chegar ao Fluminense. O acerto foi incr\u00edvel e eu agrade\u00e7o \u00e0 oportunidade de poder vestir essa camisa. Se Deus quiser, com muita batalha e luta, esse ser\u00e1 um ano muito vitorioso. A expectativa \u00e9 a melhor poss\u00edvel, de lutar por t\u00edtulos. Quando se veste uma camisa desse tamanho, de um clube dessa grandeza, n\u00e3o tem como pensar em outra coisa\u201d, declarou o Nathan, que usar\u00e1 a camisa de n\u00famero 13 na equipe das Laranjeiras.<\/p>\n<p><strong>Refor\u00e7os para o Vasco<\/strong><\/p>\n<p>Outra equipe a divulgar o acerto com refor\u00e7os nesta ter\u00e7a foi o Vasco. O Cruzmaltino, que tem a luta pelo acesso \u00e0 primeira divis\u00e3o do Campeonato Brasileiro como principal objetivo, anunciou o atacante Raniel e o meio-campo Vitinho.<\/p>\n<p>Raniel, que tem 25 anos, estava no Santos e chega com contrato de empr\u00e9stimo at\u00e9 o final da temporada. O mesmo tipo de v\u00ednculo foi firmado com Vitinho, de 22 anos e que estava no Corinthians.<\/p>\n<p><strong>Ricardo Gomes no Furac\u00e3o<\/strong><\/p>\n<p>J\u00e1 o Athletico-PR anunciou um refor\u00e7o para fora das quatro linhas. O Furac\u00e3o contratou o t\u00e9cnico Ricardo Gomes para o posto de diretor executivo de futebol.<\/p>\n<p>\u201cChego com muito entusiasmo para realizar este trabalho aqui no Athletico-PR\u201d, declarou Ricardo Gomes.<\/p>\n<p><span style=\"font-weight: 400;\">Fonte: Ag\u00eancia Brasil <\/span><\/p>\n","protected":false},"excerpt":{"rendered":"<p>O Fluminense anunciou nesta ter\u00e7a-feira (4) a contrata\u00e7\u00e3o do meio-campista Nathan. O jogador de 25 anos, que defendeu o Atl\u00e9tico-MG na \u00faltima temporada, assinou contrato de empr\u00e9stimo por um ano com op\u00e7\u00e3o de compra. \u201cEstou muito feliz de chegar ao Fluminense. O acerto foi incr\u00edvel e eu agrade\u00e7o \u00e0 oportunidade de poder vestir essa camisa. [&hellip;]<\/p>\n","protected":false},"author":246,"featured_media":193307,"comment_status":"closed","ping_status":"closed","sticky":false,"template":"","format":"standard","meta":{"footnotes":""},"categories":[436,257,439],"tags":[],"class_list":["post-193306","post","type-post","status-publish","format-standard","has-post-thumbnail","hentry","category-destaque-da-semana","category-esporte","category-ultima-hora"],"_links":{"self":[{"href":"https:\/\/diarioregionaldigital.com.br\/index.php?rest_route=\/wp\/v2\/posts\/193306","targetHints":{"allow":["GET"]}}],"collection":[{"href":"https:\/\/diarioregionaldigital.com.br\/index.php?rest_route=\/wp\/v2\/posts"}],"about":[{"href":"https:\/\/diarioregionaldigital.com.br\/index.php?rest_route=\/wp\/v2\/types\/post"}],"author":[{"embeddable":true,"href":"https:\/\/diarioregionaldigital.com.br\/index.php?rest_route=\/wp\/v2\/users\/246"}],"replies":[{"embeddable":true,"href":"https:\/\/diarioregionaldigital.com.br\/index.php?rest_route=%2Fwp%2Fv2%2Fcomments&post=193306"}],"version-history":[{"count":1,"href":"https:\/\/diarioregionaldigital.com.br\/index.php?rest_route=\/wp\/v2\/posts\/193306\/revisions"}],"predecessor-version":[{"id":193308,"href":"https:\/\/diarioregionaldigital.com.br\/index.php?rest_route=\/wp\/v2\/posts\/193306\/revisions\/193308"}],"wp:featuredmedia":[{"embeddable":true,"href":"https:\/\/diarioregionaldigital.com.br\/index.php?rest_route=\/wp\/v2\/media\/193307"}],"wp:attachment":[{"href":"https:\/\/diarioregionaldigital.com.br\/index.php?rest_route=%2Fwp%2Fv2%2Fmedia&parent=193306"}],"wp:term":[{"taxonomy":"category","embeddable":true,"href":"https:\/\/diarioregionaldigital.com.br\/index.php?rest_route=%2Fwp%2Fv2%2Fcategories&post=193306"},{"taxonomy":"post_tag","embeddable":true,"href":"https:\/\/diarioregionaldigital.com.br\/index.php?rest_route=%2Fwp%2Fv2%2Ftags&post=193306"}],"curies":[{"name":"wp","href":"https:\/\/api.w.org\/{rel}","templated":true}]}}