{"id":193303,"date":"2022-01-05T16:40:30","date_gmt":"2022-01-05T19:40:30","guid":{"rendered":"https:\/\/diarioregionaldigital.com.br\/?p=193303"},"modified":"2022-01-05T17:06:35","modified_gmt":"2022-01-05T20:06:35","slug":"volei-casos-de-covid-19-levam-a-adiamento-de-mais-jogos-da-superliga","status":"publish","type":"post","link":"https:\/\/diarioregionaldigital.com.br\/?p=193303","title":{"rendered":"V\u00f4lei: casos de covid-19 levam a adiamento de mais jogos da Superliga"},"content":{"rendered":"<p>A Confedera\u00e7\u00e3o Brasileira de V\u00f4lei (CBV) confirmou na tarde desta ter\u00e7a-feira (4) o adiamento de mais duas partidas previstas para sexta-feira (7) pela rodada inaugural do returno da Superliga Feminina: Sesc RJ Flamengo contra Sesi Bauru, e o compromisso do Valinhos, que receberia o Minas.<img decoding=\"async\" src=\"https:\/\/agenciabrasil.ebc.com.br\/ebc.png?id=1435285&amp;o=node\" \/><img decoding=\"async\" src=\"https:\/\/agenciabrasil.ebc.com.br\/ebc.gif?id=1435285&amp;o=node\" \/><\/p>\n<p>As mudan\u00e7as ocorrem ap\u00f3s o registro de casos do novo coronav\u00edrus (covid-19). Atrav\u00e9s de nota oficial, o Sesc RJ Flamengo confirmou que seis atletas (Monique, Gabiru, Milena, Milka, Valqu\u00edria e Yonkaira Pe\u00f1a) e quatro integrantes da comiss\u00e3o t\u00e9cnica testaram positivo para covid-19.<\/p>\n<p>Tamb\u00e9m atrav\u00e9s de comunicado o Country Club Valinhos informou que atletas do elenco profissional tamb\u00e9m foram infectadas. O clube, por\u00e9m, n\u00e3o revelou os nomes e a quantidade das pessoas que est\u00e3o com o v\u00edrus. A CBV ainda n\u00e3o definiu as novas datas para a realiza\u00e7\u00e3o das partidas.<\/p>\n<p>Na \u00faltima segunda-feira (3) a CBV j\u00e1 havia adiado o jogo entre Fluminense e Osasco.<\/p>\n<p><span style=\"font-weight: 400;\">Fonte: Ag\u00eancia Brasil <\/span><\/p>\n","protected":false},"excerpt":{"rendered":"<p>A Confedera\u00e7\u00e3o Brasileira de V\u00f4lei (CBV) confirmou na tarde desta ter\u00e7a-feira (4) o adiamento de mais duas partidas previstas para sexta-feira (7) pela rodada inaugural do returno da Superliga Feminina: Sesc RJ Flamengo contra Sesi Bauru, e o compromisso do Valinhos, que receberia o Minas. As mudan\u00e7as ocorrem ap\u00f3s o registro de casos do novo [&hellip;]<\/p>\n","protected":false},"author":246,"featured_media":193304,"comment_status":"closed","ping_status":"closed","sticky":false,"template":"","format":"standard","meta":{"footnotes":""},"categories":[436,440,257,439],"tags":[],"class_list":["post-193303","post","type-post","status-publish","format-standard","has-post-thumbnail","hentry","category-destaque-da-semana","category-destaques-do-dia","category-esporte","category-ultima-hora"],"_links":{"self":[{"href":"https:\/\/diarioregionaldigital.com.br\/index.php?rest_route=\/wp\/v2\/posts\/193303","targetHints":{"allow":["GET"]}}],"collection":[{"href":"https:\/\/diarioregionaldigital.com.br\/index.php?rest_route=\/wp\/v2\/posts"}],"about":[{"href":"https:\/\/diarioregionaldigital.com.br\/index.php?rest_route=\/wp\/v2\/types\/post"}],"author":[{"embeddable":true,"href":"https:\/\/diarioregionaldigital.com.br\/index.php?rest_route=\/wp\/v2\/users\/246"}],"replies":[{"embeddable":true,"href":"https:\/\/diarioregionaldigital.com.br\/index.php?rest_route=%2Fwp%2Fv2%2Fcomments&post=193303"}],"version-history":[{"count":1,"href":"https:\/\/diarioregionaldigital.com.br\/index.php?rest_route=\/wp\/v2\/posts\/193303\/revisions"}],"predecessor-version":[{"id":193305,"href":"https:\/\/diarioregionaldigital.com.br\/index.php?rest_route=\/wp\/v2\/posts\/193303\/revisions\/193305"}],"wp:featuredmedia":[{"embeddable":true,"href":"https:\/\/diarioregionaldigital.com.br\/index.php?rest_route=\/wp\/v2\/media\/193304"}],"wp:attachment":[{"href":"https:\/\/diarioregionaldigital.com.br\/index.php?rest_route=%2Fwp%2Fv2%2Fmedia&parent=193303"}],"wp:term":[{"taxonomy":"category","embeddable":true,"href":"https:\/\/diarioregionaldigital.com.br\/index.php?rest_route=%2Fwp%2Fv2%2Fcategories&post=193303"},{"taxonomy":"post_tag","embeddable":true,"href":"https:\/\/diarioregionaldigital.com.br\/index.php?rest_route=%2Fwp%2Fv2%2Ftags&post=193303"}],"curies":[{"name":"wp","href":"https:\/\/api.w.org\/{rel}","templated":true}]}}