{"id":193300,"date":"2022-01-05T16:37:45","date_gmt":"2022-01-05T19:37:45","guid":{"rendered":"https:\/\/diarioregionaldigital.com.br\/?p=193300"},"modified":"2022-01-05T16:37:45","modified_gmt":"2022-01-05T19:37:45","slug":"copa-sao-paulo-corinthians-inicia-busca-pelo-11o-titulo-com-vitoria","status":"publish","type":"post","link":"https:\/\/diarioregionaldigital.com.br\/?p=193300","title":{"rendered":"Copa S\u00e3o Paulo: Corinthians inicia busca pelo 11\u00ba t\u00edtulo com vit\u00f3ria"},"content":{"rendered":"<p class=\"col-10 offset-1 animated fadeInDown dealy-900 display-8 display-md-8 alt-font font-italic my-1 text-center\">\u00a0O maior campe\u00e3o da Ta\u00e7a S\u00e3o Paulo de Futebol J\u00fanior iniciou a campanha em busca do seu 11\u00ba t\u00edtulo com o p\u00e9 direito. O Corinthians derrotou o Resende por 2 a 1, nesta ter\u00e7a-feira (4), no est\u00e1dio Martins Pereira, em S\u00e3o Jos\u00e9 dos Campos.<\/p>\n<p>Com a vit\u00f3ria o Tim\u00e3o assumiu a lideran\u00e7a do Grupo 15 com 3 pontos. J\u00e1 o Resende \u00e9 o lanterna, sem ponto algum. S\u00e3o Jos\u00e9-SP e River-PI, que empataram em 1 a 1, aparecem com um ponto cada.<\/p>\n<p>Ap\u00f3s um primeiro tempo sem gols, o Corinthians abriu o placar com Keven. O Resende chegou a empatar com Bismark em cobran\u00e7a de p\u00eanalti. Mas Matheus Ara\u00fajo recebeu de Biro e bateu de primeira para garantir a vit\u00f3ria final do Tim\u00e3o.<\/p>\n<p><strong>Outros resultados desta ter\u00e7a:<\/strong><br \/>\nFrancana 1 x 1 Ponte Preta<br \/>\nJuventude 2 x 1 Confian\u00e7a-PB<br \/>\nS\u00e3o Jos\u00e9-SP 1 x 1 River-PI<br \/>\nAudax-SP 2 x 0 Santo Andr\u00e9<br \/>\nJoinville 0 x 0 Cama\u00e7ariense<br \/>\nUni\u00e3o Mogi 0 x 0 Portuguesa<br \/>\nInternacional 2 x 0 S\u00e3o Raimundo-RR<\/p>\n<p><span style=\"font-weight: 400;\">Fonte: Ag\u00eancia Brasil <\/span><\/p>\n","protected":false},"excerpt":{"rendered":"<p>\u00a0O maior campe\u00e3o da Ta\u00e7a S\u00e3o Paulo de Futebol J\u00fanior iniciou a campanha em busca do seu 11\u00ba t\u00edtulo com o p\u00e9 direito. O Corinthians derrotou o Resende por 2 a 1, nesta ter\u00e7a-feira (4), no est\u00e1dio Martins Pereira, em S\u00e3o Jos\u00e9 dos Campos. Com a vit\u00f3ria o Tim\u00e3o assumiu a lideran\u00e7a do Grupo 15 [&hellip;]<\/p>\n","protected":false},"author":246,"featured_media":193301,"comment_status":"closed","ping_status":"closed","sticky":false,"template":"","format":"standard","meta":{"footnotes":""},"categories":[436,257,439],"tags":[],"class_list":["post-193300","post","type-post","status-publish","format-standard","has-post-thumbnail","hentry","category-destaque-da-semana","category-esporte","category-ultima-hora"],"_links":{"self":[{"href":"https:\/\/diarioregionaldigital.com.br\/index.php?rest_route=\/wp\/v2\/posts\/193300","targetHints":{"allow":["GET"]}}],"collection":[{"href":"https:\/\/diarioregionaldigital.com.br\/index.php?rest_route=\/wp\/v2\/posts"}],"about":[{"href":"https:\/\/diarioregionaldigital.com.br\/index.php?rest_route=\/wp\/v2\/types\/post"}],"author":[{"embeddable":true,"href":"https:\/\/diarioregionaldigital.com.br\/index.php?rest_route=\/wp\/v2\/users\/246"}],"replies":[{"embeddable":true,"href":"https:\/\/diarioregionaldigital.com.br\/index.php?rest_route=%2Fwp%2Fv2%2Fcomments&post=193300"}],"version-history":[{"count":1,"href":"https:\/\/diarioregionaldigital.com.br\/index.php?rest_route=\/wp\/v2\/posts\/193300\/revisions"}],"predecessor-version":[{"id":193302,"href":"https:\/\/diarioregionaldigital.com.br\/index.php?rest_route=\/wp\/v2\/posts\/193300\/revisions\/193302"}],"wp:featuredmedia":[{"embeddable":true,"href":"https:\/\/diarioregionaldigital.com.br\/index.php?rest_route=\/wp\/v2\/media\/193301"}],"wp:attachment":[{"href":"https:\/\/diarioregionaldigital.com.br\/index.php?rest_route=%2Fwp%2Fv2%2Fmedia&parent=193300"}],"wp:term":[{"taxonomy":"category","embeddable":true,"href":"https:\/\/diarioregionaldigital.com.br\/index.php?rest_route=%2Fwp%2Fv2%2Fcategories&post=193300"},{"taxonomy":"post_tag","embeddable":true,"href":"https:\/\/diarioregionaldigital.com.br\/index.php?rest_route=%2Fwp%2Fv2%2Ftags&post=193300"}],"curies":[{"name":"wp","href":"https:\/\/api.w.org\/{rel}","templated":true}]}}