{"id":193291,"date":"2022-01-05T15:55:48","date_gmt":"2022-01-05T18:55:48","guid":{"rendered":"https:\/\/diarioregionaldigital.com.br\/?p=193291"},"modified":"2022-01-05T15:55:48","modified_gmt":"2022-01-05T18:55:48","slug":"governo-de-minas-antecipa-pagamento-dos-servidores-este-mes-para-quinta-feira-6-1","status":"publish","type":"post","link":"https:\/\/diarioregionaldigital.com.br\/?p=193291","title":{"rendered":"Governo de Minas antecipa pagamento dos servidores este m\u00eas para quinta-feira (6\/1)"},"content":{"rendered":"<p>O\u00a0<a href=\"http:\/\/www.mg.gov.br\/\" target=\"_blank\" rel=\"noopener\">Governo de Minas<\/a>\u00a0ir\u00e1 antecipar, em car\u00e1ter excepcional, o pagamento dos servidores estaduais neste m\u00eas de janeiro para o 4\u00ba dia \u00fatil, ou seja, esta quinta-feira, (6\/1). A medida ocorre por causa da mudan\u00e7a da folha de pagamento dos servidores para o banco Ita\u00fa.<\/p>\n<p>Este ser\u00e1 o primeiro m\u00eas que os servidores receber\u00e3o seus sal\u00e1rios por meio do novo banco. A antecipa\u00e7\u00e3o ser\u00e1 realizada justamente para evitar aglomera\u00e7\u00f5es nas ag\u00eancias no 5\u00ba dia \u00fatil do m\u00eas.<\/p>\n<p>Vale ressaltar que os servidores estaduais que n\u00e3o abriram a conta no banco Ita\u00fa n\u00e3o deixar\u00e3o de receber o sal\u00e1rio referente ao m\u00eas de dezembro de 2021. Para garantir o recebimento do pagamento, foi feita a abertura de uma conta sal\u00e1rio para os servidores que perderam o prazo.<\/p>\n<p>Desta forma, ser\u00e1 poss\u00edvel sacar o pagamento em qualquer ag\u00eancia do banco, independentemente da unidade em que a conta sal\u00e1rio foi vinculada. Para isso, ser\u00e1 necess\u00e1rio ter em m\u00e3os o documento original de identifica\u00e7\u00e3o e CPF. Na ocasi\u00e3o, o servidor dever\u00e1 regularizar a situa\u00e7\u00e3o junto ao banco, abrindo uma conta corrente ou fazendo a op\u00e7\u00e3o de como quer receber o sal\u00e1rio.<\/p>\n<p>Para o servidor que optou por receber o sal\u00e1rio em uma conta corrente Ita\u00fa, o cr\u00e9dito do seu sal\u00e1rio ser\u00e1 feito de forma autom\u00e1tica sem a necessidade de comparecimento \u00e0 uma ag\u00eancia do banco. Nestes casos, para facilitar as consultas e transa\u00e7\u00f5es banc\u00e1rias, est\u00e1 dispon\u00edvel o app Ita\u00fa no computador (<a href=\"http:\/\/www.xn--ita-boa.com.br\/computador\" target=\"_blank\" rel=\"noopener\">www.ita\u00fa.com.br\/computador<\/a>) ou no celular pela loja de aplicativos (Apple Store ou Play Store).<\/p>\n<p>Caso o servidor tenha optado pela portabilidade salarial, a transfer\u00eancia do valor para outra institui\u00e7\u00e3o tamb\u00e9m ser\u00e1 feita de forma autom\u00e1tica, sem a necessidade de comparecimento \u00e0 uma ag\u00eancia Ita\u00fa. Dessa forma, ele deve conferir diretamente\u00a0no banco escolhido se o cr\u00e9dito sal\u00e1rio foi efetuado. Em alguns casos o valor pode ser creditado ao longo do dia.<\/p>\n<p>A migra\u00e7\u00e3o da folha de pagamento dos servidores do estado de Minas Gerais para o banco Ita\u00fa vem sendo anunciada desde julho de 2021 e entrou em vigor a partir deste m\u00eas de janeiro de 2022.<\/p>\n<p><strong>Atendimento aos servidores<\/strong><\/p>\n<p>Nos dias 6, 7 e 10\/1, para melhor atender aos servidores, as ag\u00eancias Ita\u00fa do Estado funcionar\u00e3o das 8h \u00e0s 17h &#8211; com exce\u00e7\u00e3o daquelas localizadas em shoppings centers, que seguem as regras de hor\u00e1rio de cada local.<\/p>\n<p>D\u00favidas ou mais informa\u00e7\u00f5es est\u00e3o dispon\u00edveis pelo canal do\u00a0<a href=\"http:\/\/www.rhresponde.mg.gov.br\/Cliente\" target=\"_blank\" rel=\"noopener\">RH Responde<\/a>\u00a0ou tamb\u00e9m na central de acolhimento Ita\u00fa, pelo telefone:\u00a00800-200-1940, de segunda a sexta, das 9h \u00e0s 18h. Tamb\u00e9m est\u00e1 dispon\u00edvel para servidores j\u00e1 correntistas a central Ita\u00fa 30H, pelo telefone 4004-4828\u00a0(regi\u00f5es metropolitanas) ou\u00a00800-970-4828\u00a0(demais localidades) de segunda a s\u00e1bado, das 8h \u00e0s 22h.<\/p>\n<p><span style=\"font-weight: 400;\">Fonte: Ag\u00eancia Minas <\/span><\/p>\n","protected":false},"excerpt":{"rendered":"<p>O\u00a0Governo de Minas\u00a0ir\u00e1 antecipar, em car\u00e1ter excepcional, o pagamento dos servidores estaduais neste m\u00eas de janeiro para o 4\u00ba dia \u00fatil, ou seja, esta quinta-feira, (6\/1). A medida ocorre por causa da mudan\u00e7a da folha de pagamento dos servidores para o banco Ita\u00fa. Este ser\u00e1 o primeiro m\u00eas que os servidores receber\u00e3o seus sal\u00e1rios por [&hellip;]<\/p>\n","protected":false},"author":246,"featured_media":193292,"comment_status":"closed","ping_status":"closed","sticky":false,"template":"","format":"standard","meta":{"footnotes":""},"categories":[436,254,439],"tags":[],"class_list":["post-193291","post","type-post","status-publish","format-standard","has-post-thumbnail","hentry","category-destaque-da-semana","category-politica","category-ultima-hora"],"_links":{"self":[{"href":"https:\/\/diarioregionaldigital.com.br\/index.php?rest_route=\/wp\/v2\/posts\/193291","targetHints":{"allow":["GET"]}}],"collection":[{"href":"https:\/\/diarioregionaldigital.com.br\/index.php?rest_route=\/wp\/v2\/posts"}],"about":[{"href":"https:\/\/diarioregionaldigital.com.br\/index.php?rest_route=\/wp\/v2\/types\/post"}],"author":[{"embeddable":true,"href":"https:\/\/diarioregionaldigital.com.br\/index.php?rest_route=\/wp\/v2\/users\/246"}],"replies":[{"embeddable":true,"href":"https:\/\/diarioregionaldigital.com.br\/index.php?rest_route=%2Fwp%2Fv2%2Fcomments&post=193291"}],"version-history":[{"count":1,"href":"https:\/\/diarioregionaldigital.com.br\/index.php?rest_route=\/wp\/v2\/posts\/193291\/revisions"}],"predecessor-version":[{"id":193293,"href":"https:\/\/diarioregionaldigital.com.br\/index.php?rest_route=\/wp\/v2\/posts\/193291\/revisions\/193293"}],"wp:featuredmedia":[{"embeddable":true,"href":"https:\/\/diarioregionaldigital.com.br\/index.php?rest_route=\/wp\/v2\/media\/193292"}],"wp:attachment":[{"href":"https:\/\/diarioregionaldigital.com.br\/index.php?rest_route=%2Fwp%2Fv2%2Fmedia&parent=193291"}],"wp:term":[{"taxonomy":"category","embeddable":true,"href":"https:\/\/diarioregionaldigital.com.br\/index.php?rest_route=%2Fwp%2Fv2%2Fcategories&post=193291"},{"taxonomy":"post_tag","embeddable":true,"href":"https:\/\/diarioregionaldigital.com.br\/index.php?rest_route=%2Fwp%2Fv2%2Ftags&post=193291"}],"curies":[{"name":"wp","href":"https:\/\/api.w.org\/{rel}","templated":true}]}}