{"id":193288,"date":"2022-01-05T15:53:28","date_gmt":"2022-01-05T18:53:28","guid":{"rendered":"https:\/\/diarioregionaldigital.com.br\/?p=193288"},"modified":"2022-01-05T15:53:28","modified_gmt":"2022-01-05T18:53:28","slug":"abertura-de-empresas-em-minas-supera-32-em-2021","status":"publish","type":"post","link":"https:\/\/diarioregionaldigital.com.br\/?p=193288","title":{"rendered":"Abertura de empresas em Minas supera 32% em 2021"},"content":{"rendered":"<p>Em 2021, 74.185\u00a0empresas foram constitu\u00eddas em Minas Gerais, expans\u00e3o de 32,37% em rela\u00e7\u00e3o aos neg\u00f3cios abertos em 2020, quando o n\u00famero foi de 56.040. Os dados s\u00e3o da\u00a0<a href=\"http:\/\/www.jucemg.mg.gov.br\/\" target=\"_blank\" rel=\"noopener\">Junta Comercial do Estado de Minas Gerais (Jucemg)<\/a>.<\/p>\n<p>Os resultados positivos s\u00e3o fruto da pol\u00edtica da atual gest\u00e3o, que prioriza a\u00e7\u00f5es para incentivar o empreendedorismo, eliminar a burocracia e melhorar o ambiente de neg\u00f3cios para quem quer investir e gerar emprego e renda no estado.<\/p>\n<p>Dentre as iniciativas, Minas Gerais lidera o ranking brasileiro de dispensa de alvar\u00e1s para atividades classificadas como de baixo risco. Com a inser\u00e7\u00e3o de 701 atividades que n\u00e3o necessitam de alvar\u00e1 e exig\u00eancias normativas, o Estado se destaca no cen\u00e1rio nacional como refer\u00eancia para alavancar o crescimento econ\u00f4mico.<\/p>\n<p>Entre as empresas classificadas como de baixo risco e que n\u00e3o oferecem perigo \u00e0 sa\u00fade e seguran\u00e7a da sociedade\u00a0est\u00e3o bares, padarias, sal\u00f5es de beleza, lojas de roupa, borracharias, entre outros empreendimentos.<\/p>\n<p>J\u00e1 em rela\u00e7\u00e3o \u00e0s extin\u00e7\u00f5es, os dados da Jucemg indicam que houve aumento de 4,8% do n\u00famero de empreendimentos que fecharam as portas. No ano passado, 43.442 encerraram as atividades, contra 41.436 em 2020.<\/p>\n<p><strong>Revog\u00f4metro<\/strong><\/p>\n<p>Al\u00e9m disso, 460 atos obsoletos foram revogados de 2019 a 2021, sendo 133 atos de janeiro a outubro de 2021, o que mostra o esfor\u00e7o para fazer Minas Gerais avan\u00e7ar e atrair investimentos.<\/p>\n<p><strong>Liberdade Econ\u00f4mica<\/strong><\/p>\n<p>Minas Gerais registrou ades\u00e3o hist\u00f3rica de 190 munic\u00edpios que assinaram Decreto de Liberdade Econ\u00f4mica. A lista envolve cidades de v\u00e1rias regi\u00f5es do estado que formalizaram inten\u00e7\u00f5es por meio de decretos municipais e diretrizes do programa\u00a0<a href=\"http:\/\/www.desenvolvimento.mg.gov.br\/application\/projetos\/projeto\/1062\" target=\"_blank\" rel=\"noopener\">Minas Livre Para Crescer<\/a>.<\/p>\n<p>O projeto estrat\u00e9gico do\u00a0<a href=\"http:\/\/www.mg.gov.br\/\" target=\"_blank\" rel=\"noopener\">Governo de Minas<\/a>\u00a0reduz a burocracia e os entraves para potencializar o desenvolvimento econ\u00f4mico, criando um ambiente prop\u00edcio aos neg\u00f3cios e impactando a vida de milh\u00f5es de mineiros e empreendedores de todos os portes.<\/p>\n<p>O decreto estabelece normas de prote\u00e7\u00e3o \u00e0 livre iniciativa e ao livre exerc\u00edcio de atividade econ\u00f4mica, al\u00e9m de dispor sobre a atua\u00e7\u00e3o do Estado como agente normativo e regulador. Assim, \u00f3rg\u00e3os estaduais devem, na libera\u00e7\u00e3o de qualquer atividade econ\u00f4mica, estabelecer um prazo de at\u00e9 120 dias para an\u00e1lise do pleito. Caso a resposta n\u00e3o seja enviada ao solicitante dentro desse per\u00edodo, o pedido ser\u00e1 aprovado tacitamente.<\/p>\n<p>Outra medida \u00e9 a simplifica\u00e7\u00e3o. Com isso, documentos digitais passam a se equiparar aos documentos f\u00edsicos para comprova\u00e7\u00e3o de direitos relacionados ao exerc\u00edcio de atividade econ\u00f4mica.<\/p>\n<p><strong>Recorde hist\u00f3rico<\/strong><\/p>\n<p>A marca hist\u00f3rica de R$ 191 bilh\u00f5es em atra\u00e7\u00e3o de investimentos nos \u00faltimos 36 meses de gest\u00e3o \u00e9 outra demonstra\u00e7\u00e3o da efici\u00eancia das pol\u00edticas de desenvolvimento econ\u00f4mico do Estado.<\/p>\n<p>Deste montante, R$ 86 bilh\u00f5es j\u00e1 s\u00e3o realidade com empresas operando no estado. Com a chegada dos investimentos, Minas ter\u00e1 a cria\u00e7\u00e3o de aproximadamente 100 mil empregos diretos. Ao todo, nos \u00faltimos tr\u00eas anos, foram 281 projetos em 118 munic\u00edpios.<\/p>\n<p><strong>Minas Consciente e Vacina\u00e7\u00e3o<\/strong><\/p>\n<p>Apesar do momento at\u00edpico vivido desde 2020, que obrigou o estado a lidar com grandes dificuldades econ\u00f4micas por causa da pandemia da covid,<br \/>\nMinas conseguiu dar respostas importantes.\u00a0Em conjunto com as Secretarias de Estado de\u00a0<a href=\"http:\/\/www.saude.mg.gov.br\/\" target=\"_blank\" rel=\"noopener\">Sa\u00fade (SES-MG)<\/a>\u00a0e de\u00a0<a href=\"http:\/\/www.desenvolvimento.mg.gov.br\/\" target=\"_blank\" rel=\"noopener\">Desenvolvimento Econ\u00f4mico (Sede)<\/a>, o governo criou o plano\u00a0<a href=\"http:\/\/www.mg.gov.br\/minasconsciente\" target=\"_blank\" rel=\"noopener\">Minas Consciente<\/a>, refer\u00eancia no pa\u00eds para a retomada segura e gradual das atividades econ\u00f4micas.<\/p>\n<p>Paralelamente, o Estado iniciou em janeiro de 2021 a maior opera\u00e7\u00e3o de vacina\u00e7\u00e3o da hist\u00f3ria de Minas. At\u00e9 esta quarta-feira (5\/1), segundo dados do vacin\u00f4metro, mais de 85% dos mineiros acima de 12 anos tinham recebido as duas doses da vacina contra a covid e 16% tomaram a dose de refor\u00e7o.<\/p>\n<p><span style=\"font-weight: 400;\">Fonte: Ag\u00eancia Minas <\/span><\/p>\n","protected":false},"excerpt":{"rendered":"<p>Em 2021, 74.185\u00a0empresas foram constitu\u00eddas em Minas Gerais, expans\u00e3o de 32,37% em rela\u00e7\u00e3o aos neg\u00f3cios abertos em 2020, quando o n\u00famero foi de 56.040. Os dados s\u00e3o da\u00a0Junta Comercial do Estado de Minas Gerais (Jucemg). Os resultados positivos s\u00e3o fruto da pol\u00edtica da atual gest\u00e3o, que prioriza a\u00e7\u00f5es para incentivar o empreendedorismo, eliminar a burocracia [&hellip;]<\/p>\n","protected":false},"author":246,"featured_media":193289,"comment_status":"closed","ping_status":"closed","sticky":false,"template":"","format":"standard","meta":{"footnotes":""},"categories":[436,440,254,439],"tags":[],"class_list":["post-193288","post","type-post","status-publish","format-standard","has-post-thumbnail","hentry","category-destaque-da-semana","category-destaques-do-dia","category-politica","category-ultima-hora"],"_links":{"self":[{"href":"https:\/\/diarioregionaldigital.com.br\/index.php?rest_route=\/wp\/v2\/posts\/193288","targetHints":{"allow":["GET"]}}],"collection":[{"href":"https:\/\/diarioregionaldigital.com.br\/index.php?rest_route=\/wp\/v2\/posts"}],"about":[{"href":"https:\/\/diarioregionaldigital.com.br\/index.php?rest_route=\/wp\/v2\/types\/post"}],"author":[{"embeddable":true,"href":"https:\/\/diarioregionaldigital.com.br\/index.php?rest_route=\/wp\/v2\/users\/246"}],"replies":[{"embeddable":true,"href":"https:\/\/diarioregionaldigital.com.br\/index.php?rest_route=%2Fwp%2Fv2%2Fcomments&post=193288"}],"version-history":[{"count":1,"href":"https:\/\/diarioregionaldigital.com.br\/index.php?rest_route=\/wp\/v2\/posts\/193288\/revisions"}],"predecessor-version":[{"id":193290,"href":"https:\/\/diarioregionaldigital.com.br\/index.php?rest_route=\/wp\/v2\/posts\/193288\/revisions\/193290"}],"wp:featuredmedia":[{"embeddable":true,"href":"https:\/\/diarioregionaldigital.com.br\/index.php?rest_route=\/wp\/v2\/media\/193289"}],"wp:attachment":[{"href":"https:\/\/diarioregionaldigital.com.br\/index.php?rest_route=%2Fwp%2Fv2%2Fmedia&parent=193288"}],"wp:term":[{"taxonomy":"category","embeddable":true,"href":"https:\/\/diarioregionaldigital.com.br\/index.php?rest_route=%2Fwp%2Fv2%2Fcategories&post=193288"},{"taxonomy":"post_tag","embeddable":true,"href":"https:\/\/diarioregionaldigital.com.br\/index.php?rest_route=%2Fwp%2Fv2%2Ftags&post=193288"}],"curies":[{"name":"wp","href":"https:\/\/api.w.org\/{rel}","templated":true}]}}