{"id":193285,"date":"2022-01-05T15:39:04","date_gmt":"2022-01-05T18:39:04","guid":{"rendered":"https:\/\/diarioregionaldigital.com.br\/?p=193285"},"modified":"2022-01-05T15:39:04","modified_gmt":"2022-01-05T18:39:04","slug":"sancionada-lei-que-altera-o-plano-de-auxilio-e-rrf-de-estados-e-df","status":"publish","type":"post","link":"https:\/\/diarioregionaldigital.com.br\/?p=193285","title":{"rendered":"Sancionada lei que altera o Plano de Aux\u00edlio e RRF de estados e DF"},"content":{"rendered":"<p>O presidente Jair Bolsonaro sancionou a Lei Complementar 123\/2021 que traz mudan\u00e7as no Plano de Aux\u00edlio aos Estados e ao Distrito Federal e no Regime de Recupera\u00e7\u00e3o Fiscal (RRF) desses entes federativos, que permitiu o parcelamento de d\u00edvidas dos entes com a Uni\u00e3o.<img decoding=\"async\" src=\"https:\/\/agenciabrasil.ebc.com.br\/ebc.png?id=1435348&amp;o=node\" \/><img decoding=\"async\" src=\"https:\/\/agenciabrasil.ebc.com.br\/ebc.gif?id=1435348&amp;o=node\" \/><\/p>\n<p>A legisla\u00e7\u00e3o,\u00a0<a href=\"https:\/\/www.in.gov.br\/en\/web\/dou\/-\/lei-complementar-n-189-de-4-de-janeiro-de-2022-372220260\" target=\"_blank\" rel=\"noopener\">publicada hoje<\/a>\u00a0(5) no Di\u00e1rio Oficial da Uni\u00e3o (DOU), retira do teto de gastos dos entes que aderiram ao RRF despesas com emendas parlamentares de bancada e individuais.<\/p>\n<p>\u201cA proposi\u00e7\u00e3o legislativa objetiva ampliar o rol das despesas n\u00e3o consideradas na limita\u00e7\u00e3o dos gastos dos entes subnacionais, cujas d\u00edvidas voltaram a ser refinanciadas pelo Governo Federal. Com isso, passam a n\u00e3o ser consideradas as transfer\u00eancias de recursos federais com aplica\u00e7\u00f5es vinculadas, assim como as emendas de bancada e individuais, inclusive as transfer\u00eancias especiais\u201d, informou a Secret\u00e1ria-Geral da Presid\u00eancia.<\/p>\n<p>A legisla\u00e7\u00e3o anterior, de 2016, permitia, aos estados que refinanciaram suas d\u00edvidas, retirar do teto de despesas gastos m\u00ednimos com sa\u00fade e educa\u00e7\u00e3o que aumentarem mais que a infla\u00e7\u00e3o medida pelo \u00cdndice de Pre\u00e7os Amplo ao Consumidor (IPCA) e tamb\u00e9m as despesas pagas com as doa\u00e7\u00f5es e transfer\u00eancias volunt\u00e1rias da Uni\u00e3o.<\/p>\n<p>A lei sancionada aumenta a dedu\u00e7\u00e3o do teto de gastos. Agora podem ser exclu\u00eddas as despesas pagas com transfer\u00eancias federais designadas a despesas espec\u00edficas e todas as transfer\u00eancias previstas nos cr\u00e9ditos suplementares e nas leis or\u00e7ament\u00e1rias.<\/p>\n<p>Entre elas est\u00e3o as transfer\u00eancias fundo a fundo, Contribui\u00e7\u00e3o de Interven\u00e7\u00e3o no Dom\u00ednio Econ\u00f4mico (Cide), sal\u00e1rio-educa\u00e7\u00e3o e Programa Nacional de Acesso ao Ensino T\u00e9cnico e Emprego (Pronatec).<\/p>\n<p><span style=\"font-weight: 400;\">\u00a0<\/span><span style=\"font-weight: 400;\"><br \/>\n<\/span><span style=\"font-weight: 400;\">Fonte: Ag\u00eancia Brasil\u00a0<\/span><span style=\"font-weight: 400;\"><br \/>\n<\/span><\/p>\n","protected":false},"excerpt":{"rendered":"<p>O presidente Jair Bolsonaro sancionou a Lei Complementar 123\/2021 que traz mudan\u00e7as no Plano de Aux\u00edlio aos Estados e ao Distrito Federal e no Regime de Recupera\u00e7\u00e3o Fiscal (RRF) desses entes federativos, que permitiu o parcelamento de d\u00edvidas dos entes com a Uni\u00e3o. A legisla\u00e7\u00e3o,\u00a0publicada hoje\u00a0(5) no Di\u00e1rio Oficial da Uni\u00e3o (DOU), retira do teto [&hellip;]<\/p>\n","protected":false},"author":246,"featured_media":193286,"comment_status":"closed","ping_status":"closed","sticky":false,"template":"","format":"standard","meta":{"footnotes":""},"categories":[436,261,439],"tags":[],"class_list":["post-193285","post","type-post","status-publish","format-standard","has-post-thumbnail","hentry","category-destaque-da-semana","category-economia","category-ultima-hora"],"_links":{"self":[{"href":"https:\/\/diarioregionaldigital.com.br\/index.php?rest_route=\/wp\/v2\/posts\/193285","targetHints":{"allow":["GET"]}}],"collection":[{"href":"https:\/\/diarioregionaldigital.com.br\/index.php?rest_route=\/wp\/v2\/posts"}],"about":[{"href":"https:\/\/diarioregionaldigital.com.br\/index.php?rest_route=\/wp\/v2\/types\/post"}],"author":[{"embeddable":true,"href":"https:\/\/diarioregionaldigital.com.br\/index.php?rest_route=\/wp\/v2\/users\/246"}],"replies":[{"embeddable":true,"href":"https:\/\/diarioregionaldigital.com.br\/index.php?rest_route=%2Fwp%2Fv2%2Fcomments&post=193285"}],"version-history":[{"count":1,"href":"https:\/\/diarioregionaldigital.com.br\/index.php?rest_route=\/wp\/v2\/posts\/193285\/revisions"}],"predecessor-version":[{"id":193287,"href":"https:\/\/diarioregionaldigital.com.br\/index.php?rest_route=\/wp\/v2\/posts\/193285\/revisions\/193287"}],"wp:featuredmedia":[{"embeddable":true,"href":"https:\/\/diarioregionaldigital.com.br\/index.php?rest_route=\/wp\/v2\/media\/193286"}],"wp:attachment":[{"href":"https:\/\/diarioregionaldigital.com.br\/index.php?rest_route=%2Fwp%2Fv2%2Fmedia&parent=193285"}],"wp:term":[{"taxonomy":"category","embeddable":true,"href":"https:\/\/diarioregionaldigital.com.br\/index.php?rest_route=%2Fwp%2Fv2%2Fcategories&post=193285"},{"taxonomy":"post_tag","embeddable":true,"href":"https:\/\/diarioregionaldigital.com.br\/index.php?rest_route=%2Fwp%2Fv2%2Ftags&post=193285"}],"curies":[{"name":"wp","href":"https:\/\/api.w.org\/{rel}","templated":true}]}}