{"id":193279,"date":"2022-01-05T15:33:50","date_gmt":"2022-01-05T18:33:50","guid":{"rendered":"https:\/\/diarioregionaldigital.com.br\/?p=193279"},"modified":"2022-01-05T15:33:50","modified_gmt":"2022-01-05T18:33:50","slug":"precos-da-industria-sobem-131-em-novembro-diz-ibge","status":"publish","type":"post","link":"https:\/\/diarioregionaldigital.com.br\/?p=193279","title":{"rendered":"Pre\u00e7os da ind\u00fastria sobem 1,31% em novembro, diz IBGE"},"content":{"rendered":"<p>O \u00cdndice de Pre\u00e7os ao Produtor (IPP), que mede a varia\u00e7\u00e3o do custo dos produtos na sa\u00edda das f\u00e1bricas, registrou infla\u00e7\u00e3o de 1,31% em novembro de 2021. A taxa \u00e9 inferior \u00e0 observada no m\u00eas anterior, de 2,26%, e em novembro de 2020, de 1,38%.<img decoding=\"async\" src=\"https:\/\/agenciabrasil.ebc.com.br\/ebc.png?id=1435309&amp;o=node\" \/><img decoding=\"async\" src=\"https:\/\/agenciabrasil.ebc.com.br\/ebc.gif?id=1435309&amp;o=node\" \/><\/p>\n<p>Com o resultado, o IPP acumula taxas de infla\u00e7\u00e3o de 28,36% no ano e de 28,86% em 12 meses, segundo dados divulgados hoje (5) pelo Instituto Brasileiro de Geografia e Estat\u00edstica (IBGE).<\/p>\n<p>Em novembro de 2021, 17 das 24 atividades industriais pesquisadas tiveram alta nos pre\u00e7os, com destaque para refino de petr\u00f3leo e produtos de \u00e1lcool (6,63%) e outros produtos qu\u00edmicos (4,90%).<\/p>\n<p>O IPP registrou que sete ramos da ind\u00fastria tiveram defla\u00e7\u00e3o (queda de pre\u00e7os), em especial as ind\u00fastrias extrativas (5,21%).<\/p>\n<p>Entre as quatro grandes categorias econ\u00f4micas da ind\u00fastria, a maior alta de pre\u00e7os foi observada nos bens intermedi\u00e1rios, isto \u00e9, os insumos industrializados usados no setor produtivo (1,40%).<\/p>\n<p>Em seguida, aparecem os bens de consumo semi e n\u00e3o dur\u00e1veis (1,29%) e os bens de capital, isto \u00e9, as m\u00e1quinas e equipamentos usados no setor produtivo (1,19%). A menor taxa ficou com os bens de consumo dur\u00e1veis (0,64%).<\/p>\n<p><span style=\"font-weight: 400;\">Fonte: Ag\u00eancia Brasil\u00a0<\/span><span style=\"font-weight: 400;\"><br \/>\n<\/span><\/p>\n","protected":false},"excerpt":{"rendered":"<p>O \u00cdndice de Pre\u00e7os ao Produtor (IPP), que mede a varia\u00e7\u00e3o do custo dos produtos na sa\u00edda das f\u00e1bricas, registrou infla\u00e7\u00e3o de 1,31% em novembro de 2021. A taxa \u00e9 inferior \u00e0 observada no m\u00eas anterior, de 2,26%, e em novembro de 2020, de 1,38%. Com o resultado, o IPP acumula taxas de infla\u00e7\u00e3o de [&hellip;]<\/p>\n","protected":false},"author":246,"featured_media":193280,"comment_status":"closed","ping_status":"closed","sticky":false,"template":"","format":"standard","meta":{"footnotes":""},"categories":[436,261,439],"tags":[],"class_list":["post-193279","post","type-post","status-publish","format-standard","has-post-thumbnail","hentry","category-destaque-da-semana","category-economia","category-ultima-hora"],"_links":{"self":[{"href":"https:\/\/diarioregionaldigital.com.br\/index.php?rest_route=\/wp\/v2\/posts\/193279","targetHints":{"allow":["GET"]}}],"collection":[{"href":"https:\/\/diarioregionaldigital.com.br\/index.php?rest_route=\/wp\/v2\/posts"}],"about":[{"href":"https:\/\/diarioregionaldigital.com.br\/index.php?rest_route=\/wp\/v2\/types\/post"}],"author":[{"embeddable":true,"href":"https:\/\/diarioregionaldigital.com.br\/index.php?rest_route=\/wp\/v2\/users\/246"}],"replies":[{"embeddable":true,"href":"https:\/\/diarioregionaldigital.com.br\/index.php?rest_route=%2Fwp%2Fv2%2Fcomments&post=193279"}],"version-history":[{"count":1,"href":"https:\/\/diarioregionaldigital.com.br\/index.php?rest_route=\/wp\/v2\/posts\/193279\/revisions"}],"predecessor-version":[{"id":193281,"href":"https:\/\/diarioregionaldigital.com.br\/index.php?rest_route=\/wp\/v2\/posts\/193279\/revisions\/193281"}],"wp:featuredmedia":[{"embeddable":true,"href":"https:\/\/diarioregionaldigital.com.br\/index.php?rest_route=\/wp\/v2\/media\/193280"}],"wp:attachment":[{"href":"https:\/\/diarioregionaldigital.com.br\/index.php?rest_route=%2Fwp%2Fv2%2Fmedia&parent=193279"}],"wp:term":[{"taxonomy":"category","embeddable":true,"href":"https:\/\/diarioregionaldigital.com.br\/index.php?rest_route=%2Fwp%2Fv2%2Fcategories&post=193279"},{"taxonomy":"post_tag","embeddable":true,"href":"https:\/\/diarioregionaldigital.com.br\/index.php?rest_route=%2Fwp%2Fv2%2Ftags&post=193279"}],"curies":[{"name":"wp","href":"https:\/\/api.w.org\/{rel}","templated":true}]}}