{"id":193276,"date":"2022-01-05T15:30:19","date_gmt":"2022-01-05T18:30:19","guid":{"rendered":"https:\/\/diarioregionaldigital.com.br\/?p=193276"},"modified":"2022-01-05T15:30:19","modified_gmt":"2022-01-05T18:30:19","slug":"intencao-do-consumo-fecha-2021-abaixo-do-nivel-de-satisfacao","status":"publish","type":"post","link":"https:\/\/diarioregionaldigital.com.br\/?p=193276","title":{"rendered":"Inten\u00e7\u00e3o do Consumo fecha 2021 abaixo do n\u00edvel de satisfa\u00e7\u00e3o"},"content":{"rendered":"<p>O indicador de Inten\u00e7\u00e3o de Consumo das Fam\u00edlias (ICF) fechou o ano de 2021 em 71,6 pontos, uma queda de 9,9% em rela\u00e7\u00e3o ao registrado em 2020, quando a queda de 15,9% deixou o indicador em 79,4 pontos. Desde 2015 o ICF n\u00e3o alcan\u00e7a o n\u00edvel de satisfa\u00e7\u00e3o, que \u00e9 de 100 pontos.<img decoding=\"async\" src=\"https:\/\/agenciabrasil.ebc.com.br\/ebc.png?id=1435340&amp;o=node\" \/><img decoding=\"async\" src=\"https:\/\/agenciabrasil.ebc.com.br\/ebc.gif?id=1435340&amp;o=node\" \/><\/p>\n<p>O indicador em 2021 atingiu o menor n\u00edvel hist\u00f3rico, ficando abaixo do m\u00ednimo anterior, de 2016, quando fechou em 73,3 pontos.<\/p>\n<p>Os dados foram divulgados hoje (5) pela Confedera\u00e7\u00e3o Nacional do Com\u00e9rcio de Bens, Servi\u00e7os e Turismo (CNC).<\/p>\n<p>Por faixa de renda, as fam\u00edlias que ganham mais do que dez sal\u00e1rios m\u00ednimos tiveram queda no consumo de 5%, ficando em 86,9 pontos. Para as fam\u00edlias com renda abaixo de dez sal\u00e1rios m\u00ednimos, a queda foi maior, de 11,2%, com o indicador atingindo 68,4 pontos.<\/p>\n<p>Por regi\u00e3o, as fam\u00edlias do Norte indicaram a maior queda na inten\u00e7\u00e3o de consumo, de 26,1%, ficando tamb\u00e9m com o menor indicador, em 59,5 pontos. A menor oscila\u00e7\u00e3o ocorreu no Nordeste, com queda de 4,6%, ficando com o segundo maior ICF, em 73,9 pontos. As fam\u00edlias do Sul tiveram a maior inten\u00e7\u00e3o de consumo, com 79,1 pontos.<\/p>\n<p><strong>Momento atual<\/strong><\/p>\n<p>Com rela\u00e7\u00e3o ao quesito Emprego Atual, o indicador atingiu 89,3 pontos, uma queda de 9,5%, ficando no menor patamar da s\u00e9rie hist\u00f3rica. Do total de entrevistados, 35% disseram se sentir t\u00e3o seguros quanto no ano anterior, a maior propor\u00e7\u00e3o da s\u00e9rie hist\u00f3rica; 31,5% est\u00e3o menos seguros; 20,8% se sentem mais seguros com rela\u00e7\u00e3o ao emprego e 12% declararam estar desempregados.<\/p>\n<p>Na Renda Atual, houve recuo de 14,8% em 2021, alcan\u00e7ando 78,1 pontos, tamb\u00e9m o menor n\u00edvel hist\u00f3rico. Entre os entrevistados, 40,6% declararam que a renda est\u00e1 pior do que no ano passado, 40,2% disseram ser igual e 18,8% melhoraram a renda.<\/p>\n<p>O Acesso ao Cr\u00e9dito registrou queda de 7%, ficando em 81,9 pontos. A compra a prazo ficou mais dif\u00edcil para 42,2% dos entrevistados, mais f\u00e1cil para 24,1% e permaneceu igual ao ano anterior para 17,9%.<\/p>\n<p>O N\u00edvel de Consumo Atual alcan\u00e7ou o n\u00edvel de 55,6 pontos, o menor n\u00edvel desde 2017, ap\u00f3s registrar queda de 7,9%. Do total, 57,8% das fam\u00edlias consideraram que em 2021 o consumo foi menor do que em 2020; 28,7% disseram ter sido igual e 13,4% disseram que foi maior.<\/p>\n<p>O indicador do Momento para Dur\u00e1veis atingiu o n\u00edvel de 43,2 pontos, o menor sub\u00edndice do ano e da s\u00e9rie hist\u00f3rica, com queda de 20,1%. O momento est\u00e1 negativo para comprar esse tipo de produto para 75,8% das fam\u00edlias e para 19% o momento \u00e9 bom.<\/p>\n<p><strong>Perspectivas<\/strong><\/p>\n<p>O quesito Perspectiva Profissional recuou 4,8% no ano, ficando em 83,3 pontos, o menor n\u00edvel hist\u00f3rico. Entre os entrevistados, 53,3% disseram ter perspectivas negativas, o maior percentual da s\u00e9rie hist\u00f3rica, e 36,6% est\u00e3o otimistas.<\/p>\n<p>O indicador da Perspectiva de Consumo ficou em 69,9 pontos, uma redu\u00e7\u00e3o de 7,8%. Do total, 53,5% das fam\u00edlias disseram que v\u00e3o consumir menos nos meses seguintes; 21,4% acreditam que manter\u00e3o o mesmo n\u00edvel e 23,4% consumir\u00e3o mais.<\/p>\n<p><span style=\"font-weight: 400;\">Fonte: Ag\u00eancia Brasil <\/span><\/p>\n","protected":false},"excerpt":{"rendered":"<p>O indicador de Inten\u00e7\u00e3o de Consumo das Fam\u00edlias (ICF) fechou o ano de 2021 em 71,6 pontos, uma queda de 9,9% em rela\u00e7\u00e3o ao registrado em 2020, quando a queda de 15,9% deixou o indicador em 79,4 pontos. Desde 2015 o ICF n\u00e3o alcan\u00e7a o n\u00edvel de satisfa\u00e7\u00e3o, que \u00e9 de 100 pontos. O indicador [&hellip;]<\/p>\n","protected":false},"author":246,"featured_media":193277,"comment_status":"closed","ping_status":"closed","sticky":false,"template":"","format":"standard","meta":{"footnotes":""},"categories":[436,440,261,439],"tags":[],"class_list":["post-193276","post","type-post","status-publish","format-standard","has-post-thumbnail","hentry","category-destaque-da-semana","category-destaques-do-dia","category-economia","category-ultima-hora"],"_links":{"self":[{"href":"https:\/\/diarioregionaldigital.com.br\/index.php?rest_route=\/wp\/v2\/posts\/193276","targetHints":{"allow":["GET"]}}],"collection":[{"href":"https:\/\/diarioregionaldigital.com.br\/index.php?rest_route=\/wp\/v2\/posts"}],"about":[{"href":"https:\/\/diarioregionaldigital.com.br\/index.php?rest_route=\/wp\/v2\/types\/post"}],"author":[{"embeddable":true,"href":"https:\/\/diarioregionaldigital.com.br\/index.php?rest_route=\/wp\/v2\/users\/246"}],"replies":[{"embeddable":true,"href":"https:\/\/diarioregionaldigital.com.br\/index.php?rest_route=%2Fwp%2Fv2%2Fcomments&post=193276"}],"version-history":[{"count":1,"href":"https:\/\/diarioregionaldigital.com.br\/index.php?rest_route=\/wp\/v2\/posts\/193276\/revisions"}],"predecessor-version":[{"id":193278,"href":"https:\/\/diarioregionaldigital.com.br\/index.php?rest_route=\/wp\/v2\/posts\/193276\/revisions\/193278"}],"wp:featuredmedia":[{"embeddable":true,"href":"https:\/\/diarioregionaldigital.com.br\/index.php?rest_route=\/wp\/v2\/media\/193277"}],"wp:attachment":[{"href":"https:\/\/diarioregionaldigital.com.br\/index.php?rest_route=%2Fwp%2Fv2%2Fmedia&parent=193276"}],"wp:term":[{"taxonomy":"category","embeddable":true,"href":"https:\/\/diarioregionaldigital.com.br\/index.php?rest_route=%2Fwp%2Fv2%2Fcategories&post=193276"},{"taxonomy":"post_tag","embeddable":true,"href":"https:\/\/diarioregionaldigital.com.br\/index.php?rest_route=%2Fwp%2Fv2%2Ftags&post=193276"}],"curies":[{"name":"wp","href":"https:\/\/api.w.org\/{rel}","templated":true}]}}