{"id":193271,"date":"2022-01-05T15:09:58","date_gmt":"2022-01-05T18:09:58","guid":{"rendered":"https:\/\/diarioregionaldigital.com.br\/?p=193271"},"modified":"2022-01-05T15:11:37","modified_gmt":"2022-01-05T18:11:37","slug":"policia-militar-prende-autor-de-roubo-e-recupera-dinheiro-no-bairro-costa-carvalho","status":"publish","type":"post","link":"https:\/\/diarioregionaldigital.com.br\/?p=193271","title":{"rendered":"Pol\u00edcia Militar prende autor de roubo e recupera dinheiro no bairro Costa Carvalho"},"content":{"rendered":"<p>Durante desencadeamento de Opera\u00e7\u00e3o Batida Policial pela Pol\u00edcia Militar no dia 04jan21 por volta das 22h15min na Rua Major Delfino no bairro Costa Carvalho, a PM abordou um indiv\u00edduo suspeito que apresentava nervosismos ao ver os policiais. Realizadas as buscas foi encontrado com ele a quantia de R$ 542,00 em dinheiro e uma faca. Durante a a\u00e7\u00e3o, populares informaram que um bar nas media\u00e7\u00f5es do local tinha acabado de ser assaltado. Em contato com a v\u00edtima, um homem de 76 anos, confirmou o fato e imediatamente reconheceu o autor do crime, que estava com duas notas rasgadas, por ter entrado em luta corporal com a v\u00edtima. O autor (30 anos) foi preso e conduzido \u00e0 Delegacia. O dinheiro foi recuperado e a faca apreendida.<\/p>\n","protected":false},"excerpt":{"rendered":"<p>Durante desencadeamento de Opera\u00e7\u00e3o Batida Policial pela Pol\u00edcia Militar no dia 04jan21 por volta das 22h15min na Rua Major Delfino no bairro Costa Carvalho, a PM abordou um indiv\u00edduo suspeito que apresentava nervosismos ao ver os policiais. Realizadas as buscas foi encontrado com ele a quantia de R$ 542,00 em dinheiro e uma faca. Durante [&hellip;]<\/p>\n","protected":false},"author":246,"featured_media":193272,"comment_status":"closed","ping_status":"closed","sticky":false,"template":"","format":"standard","meta":{"footnotes":""},"categories":[301,439],"tags":[],"class_list":["post-193271","post","type-post","status-publish","format-standard","has-post-thumbnail","hentry","category-artigos-policiais","category-ultima-hora"],"_links":{"self":[{"href":"https:\/\/diarioregionaldigital.com.br\/index.php?rest_route=\/wp\/v2\/posts\/193271","targetHints":{"allow":["GET"]}}],"collection":[{"href":"https:\/\/diarioregionaldigital.com.br\/index.php?rest_route=\/wp\/v2\/posts"}],"about":[{"href":"https:\/\/diarioregionaldigital.com.br\/index.php?rest_route=\/wp\/v2\/types\/post"}],"author":[{"embeddable":true,"href":"https:\/\/diarioregionaldigital.com.br\/index.php?rest_route=\/wp\/v2\/users\/246"}],"replies":[{"embeddable":true,"href":"https:\/\/diarioregionaldigital.com.br\/index.php?rest_route=%2Fwp%2Fv2%2Fcomments&post=193271"}],"version-history":[{"count":3,"href":"https:\/\/diarioregionaldigital.com.br\/index.php?rest_route=\/wp\/v2\/posts\/193271\/revisions"}],"predecessor-version":[{"id":193275,"href":"https:\/\/diarioregionaldigital.com.br\/index.php?rest_route=\/wp\/v2\/posts\/193271\/revisions\/193275"}],"wp:featuredmedia":[{"embeddable":true,"href":"https:\/\/diarioregionaldigital.com.br\/index.php?rest_route=\/wp\/v2\/media\/193272"}],"wp:attachment":[{"href":"https:\/\/diarioregionaldigital.com.br\/index.php?rest_route=%2Fwp%2Fv2%2Fmedia&parent=193271"}],"wp:term":[{"taxonomy":"category","embeddable":true,"href":"https:\/\/diarioregionaldigital.com.br\/index.php?rest_route=%2Fwp%2Fv2%2Fcategories&post=193271"},{"taxonomy":"post_tag","embeddable":true,"href":"https:\/\/diarioregionaldigital.com.br\/index.php?rest_route=%2Fwp%2Fv2%2Ftags&post=193271"}],"curies":[{"name":"wp","href":"https:\/\/api.w.org\/{rel}","templated":true}]}}