{"id":193258,"date":"2022-01-04T17:29:37","date_gmt":"2022-01-04T20:29:37","guid":{"rendered":"https:\/\/diarioregionaldigital.com.br\/?p=193258"},"modified":"2022-01-04T17:29:37","modified_gmt":"2022-01-04T20:29:37","slug":"com-intervencoes-em-todas-as-regioes-programa-boniteza-realiza-108-acoes","status":"publish","type":"post","link":"https:\/\/diarioregionaldigital.com.br\/?p=193258","title":{"rendered":"Com interven\u00e7\u00f5es em todas as regi\u00f5es, Programa Boniteza realiza 108 a\u00e7\u00f5es"},"content":{"rendered":"<p>Segundo informa\u00e7\u00f5es do site da Prefeitura de Juiz de Fora, a Secretaria de Obras (SO) da Prefeitura de Juiz de Fora (PJF) opera em 108 a\u00e7\u00f5es de zeladoria nesta ter\u00e7a-feira, 4, realizadas atrav\u00e9s do Programa Boniteza e do Gabinete de A\u00e7\u00e3o e Di\u00e1logo Comunit\u00e1rio (GADC).<\/p>\n<p><strong>Obras<\/strong><br \/>\nOs Departamentos de Opera\u00e7\u00e3o e Manuten\u00e7\u00e3o em Obras (Domo) e de Estradas Vicinais da Secretaria de Obras t\u00eam previstas 21 a\u00e7\u00f5es.<\/p>\n<p>Interven\u00e7\u00f5es em continuidade:<\/p>\n<p>-Corre\u00e7\u00e3o de eros\u00e3o no escad\u00e3o &#8211; Rua Jos\u00e9 Sobreiro &#8211; Linhares<\/p>\n<p>-Corre\u00e7\u00e3o de eros\u00e3o na cabeceira da ponte &#8211; Ponte do Carlos Chagas &#8211; Carlos Chagas<\/p>\n<p>-Corre\u00e7\u00e3o de passeio devido a eros\u00e3o em rede de \u00e1gua pluvial &#8211; Rua Luiz Rocha &#8211; Eldorado<\/p>\n<p>-Corre\u00e7\u00e3o de cal\u00e7amento com pedra portuguesa &#8211; Parque\u00a0 Halfeld &#8211; Centro<\/p>\n<p>-Limpeza de canaletas pluviais &#8211; Rua Marechal Deodoro &#8211; Centro<\/p>\n<p>-Corre\u00e7\u00e3o de eros\u00e3o pluvial &#8211; Rua Azul &#8211; Milho Branco<\/p>\n<p>-Patrolamento com lan\u00e7amento de material granulado &#8211; Estrada das Palmeiras &#8211; N\u00e1utico<\/p>\n<p>-Reforma de mata burro &#8211; Estrada Principal de Valadares\u00a0\u00a0 \u00a0&#8211; Valadares<\/p>\n<p>-Patrolamento e lan\u00e7amento de material em pontos cr\u00edticos &#8211; Estrada do Ponto Estrela &#8211; Pirapitinga<\/p>\n<p>Novas interven\u00e7\u00f5es:<\/p>\n<p>-Reforma de boca de lobo &#8211; Rua Jaime Schmitz &#8211; Encosta do Sol<\/p>\n<p>-Substitui\u00e7\u00e3o de tamp\u00e3o pluvial &#8211; Rua Florian\u00f3polis &#8211; Nova Calif\u00f3rnia<\/p>\n<p>-Substitui\u00e7\u00e3o de tampa de boca de lobo &#8211; Rua Nunes Lima &#8211; Industrial<\/p>\n<p>-Substitui\u00e7\u00e3o de tampa e limpeza de boca de lobo &#8211; Pra\u00e7a Visona Marqu\u00eas &#8211; Barbosa Lage<\/p>\n<p>-Limpeza de boca de lobo &#8211; Rua \u00c2ngela\u00a0 Barbosa Miranda &#8211; Jardim Santa Isabel<\/p>\n<p>-Limpeza de boca de lobo &#8211; Rua Trem das Sete &#8211; Santa Cruz<\/p>\n<p>-Limpeza de boca de lobo &#8211; Rua Artidoro\u00a0 Nicolato &#8211; Santa Cruz<\/p>\n<p>-Corre\u00e7\u00e3o de eros\u00e3o pluvial &#8211; Rua S\u00e3o Sebasti\u00e3o esquina com Get\u00falio Vargas &#8211; Centro<\/p>\n<p>-Retirada de barreira na estrada principal &#8211; Estrada Principal do Privil\u00e9gio &#8211; Monte Verde<\/p>\n<p>-Coloca\u00e7\u00e3o de material granulado em pontos cr\u00edticos\/retirada de barreira &#8211; Estrada Principal de Toledos &#8211; Toledos<\/p>\n<p>-Ro\u00e7ada na estrada principal de Caet\u00e9 &#8211; Estrada Principal de Caet\u00e9 &#8211; Caet\u00e9<\/p>\n<p>-Lan\u00e7amento de material granulado em pontos cr\u00edticos &#8211; Estrada da Varginha &#8211; Varginha<\/p>\n<p><strong>Ilumina\u00e7\u00e3o P\u00fablica<\/strong><br \/>\nO departamento de Ilumina\u00e7\u00e3o P\u00fablica da PJF d\u00e1 continuidade \u00e0s a\u00e7\u00f5es com a previs\u00e3o de trocas de 87 l\u00e2mpadas em todas as regi\u00f5es.<\/p>\n<p>-Centro<\/p>\n<p>Rua S\u00e3o Sebasti\u00e3o<\/p>\n<p>Avenida Presidente Get\u00falio Vargas<\/p>\n<p>Rua Doutor Gil Horta<br \/>\n-S\u00e3o Mateus<\/p>\n<p>Rua Mamor\u00e9<br \/>\n-Manoel Hon\u00f3rio<\/p>\n<p>Avenida Bar\u00e3o do Rio Branco<br \/>\n-Bom Pastor<\/p>\n<p>Rua Pedro Gon\u00e7alves de Oliveira<br \/>\n-Passos<\/p>\n<p>Rua Farmac\u00eautico Jos\u00e9 Mostaro<\/p>\n<p>Rua C\u00e9lia Marcos de Freitas<br \/>\n-Granbery<\/p>\n<p>Rua Santos Dumont<br \/>\n-Democrata<\/p>\n<p>Rua Professora Violeta Santos<br \/>\n-Santa Catarina<\/p>\n<p>Rua Padre Frederico<br \/>\n-Dom Bosco<\/p>\n<p>Rua Carlos Monteiro<br \/>\n-S\u00e3o Benedito<\/p>\n<p>Estrada Athos Branco da Rosa<br \/>\n-Santa Paula<\/p>\n<p>Rua Doutor Ant\u00f4nio de Souza Ferreira<br \/>\n-Nossa Senhora Aparecida<\/p>\n<p>Rua Nossa Senhora Aparecida<\/p>\n<p>Rua Ant\u00f4nio Meurer<br \/>\n-Vitorino Braga<\/p>\n<p>Rua Doutor Clorindo Burnier<br \/>\n-Graja\u00fa<\/p>\n<p>Rua Rosa Sffeir<br \/>\n-Bom Jardim<\/p>\n<p>Rua Henrique Miranda S\u00e1<\/p>\n<p>Rua Romeu Pastori<br \/>\n-Bairu<\/p>\n<p>Rua Professor Jos\u00e9 Spineli<\/p>\n<p>Rua Jo\u00e3o Gino Mandia<br \/>\n-Vila Montanhesa<\/p>\n<p>Rua Benjamin Ilidio Faria<br \/>\n-Bandeirantes<\/p>\n<p>Rua Jos\u00e9 Lib\u00e2nio Rodrigues<\/p>\n<p>Rua Aurora Trist\u00e3o<br \/>\n-Filgueiras<\/p>\n<p>Rua Manoel Teixeira Salgado<br \/>\n-Vale dos Pe\u00f5es<\/p>\n<p>Avenida Orlando Riani<br \/>\n-Grama<\/p>\n<p>Rua Verissimo Lopes Guimar\u00e3es<\/p>\n<p>Rua Padre Adriano<br \/>\n-Eldorado<\/p>\n<p>Rua Domingos Lopes<br \/>\n-Barreira do Triunfo<\/p>\n<p>Avenida Presidente Juscelino Kubitschek<br \/>\n-Monte Castelo<\/p>\n<p>Rua Coronel Quint\u00e3o<\/p>\n<p>Rua Rog\u00e9rio Fernando Scoralick<\/p>\n<p>Rua Expedicion\u00e1rio Ant\u00f4nio de Novaes<br \/>\n-Santa Clara<\/p>\n<p>Rua Doutor Vicente Saada<br \/>\n-Benfica<\/p>\n<p>Rua Professora Terezinha Andrade<br \/>\n-Encosta do Sol<\/p>\n<p>Rua Poeta Daltemar Lima<br \/>\n-Milho Branco<\/p>\n<p>Rua Jos\u00e9 Raimundo de Freitas<br \/>\n-Santa Cruz<\/p>\n<p>Rua Joaquim Augusto Siqueira<br \/>\n-Cidade do Sol<\/p>\n<p>Rua Franklin de Paula Marques<br \/>\n-Jardim Natal<\/p>\n<p>Rua Ot\u00e1vio Schetino<br \/>\n-Barbosa Lage<\/p>\n<p>Rua Jos\u00e9 Maron<br \/>\n-Ponte Preta<\/p>\n<p>Avenida F\u00e9rrea<br \/>\n-Cer\u00e2mica<\/p>\n<p>Rua H\u00e9lio Tom\u00e1s<br \/>\n-Carlos Chagas<\/p>\n<p>Rua Guilardo Xavier Furtado<br \/>\n-J\u00f3quei Clube<\/p>\n<p>Estrada da Remonta<br \/>\n-S\u00e3o Judas Tadeu<\/p>\n<p>Rua Ernesto Pancini<br \/>\n-Parque das Torres<\/p>\n<p>Rua K<br \/>\n-Nova Era<\/p>\n<p>Rua do Vale<br \/>\n-F\u00e1brica<\/p>\n<p>Rua Eduardo Weiss<br \/>\n-Borboleta<\/p>\n<p>Travessa Sim\u00e3o Gabriel Sffeir<br \/>\n-Alto dos Pinheiros<\/p>\n<p>Rua Jo\u00e3o Weiss<br \/>\n-S\u00e3o Lucas<\/p>\n<p>Rua Giuseppe Verdi<br \/>\n-S\u00e3o Pedro<\/p>\n<p>Rua Jos\u00e9 Louren\u00e7o<\/p>\n<p>Rua Franz Schubert<br \/>\n-Nova Calif\u00f3rnia<\/p>\n<p>Alameda dos Flamboyants<br \/>\n-Santos Dumont<\/p>\n<p>Rua Pedro Germano Caniato<br \/>\nChap\u00e9u D\u2019uvas<\/p>\n<p>Rua C<br \/>\n-Parque Guarua<\/p>\n<p>Rua Jo\u00e3o Monteiro Viana<br \/>\n-Po\u00e7o Rico<\/p>\n<p>Rua da Bahia<br \/>\n-Vila Ideal<\/p>\n<p>Rua Altivo Halfeld<\/p>\n<p>Rua Jo\u00e3o Luiz Alves<br \/>\n-JK<\/p>\n<p>Rua Jos\u00e9 Theodoro dos Santos<br \/>\n-Olavo Costa<\/p>\n<p>Rua Joaquim Tib\u00farcio Alves<br \/>\n-Santa Efig\u00eania<\/p>\n<p>Rua Salvador de Moura Fontes<br \/>\n-Santa Luzia<\/p>\n<p>Rua Ch\u00e1cara<\/p>\n<p>Rua Humberto Berzoini<br \/>\n-Bela Aurora<\/p>\n<p>Rua Silvino Augusto Moreira<br \/>\n-Graminha<\/p>\n<p>Rua Maria Concei\u00e7\u00e3o Atalaia<br \/>\n-Arco \u00cdris<\/p>\n<p>Rua Cirene Alves da Silva<br \/>\n-Teixeiras<\/p>\n<p>Rua Dalila de Lery Santos<\/p>\n<p><strong>Gabinete de A\u00e7\u00e3o e Di\u00e1logo Comunit\u00e1rio<\/strong><br \/>\nAs a\u00e7\u00f5es da Secretaria de Obras s\u00e3o realizadas atrav\u00e9s do Gabinete de A\u00e7\u00e3o e Di\u00e1logo Comunit\u00e1rio, que recebe demandas de melhorias urbanas pelo n\u00famero (32) 3690-7241, por liga\u00e7\u00e3o ou WhatsApp.<\/p>\n<p>No\u00a0<a href=\"https:\/\/www.pjf.mg.gov.br\/gabinetecomunitario\/\"><strong>site do gabinete<\/strong><\/a>, est\u00e3o dispon\u00edveis informa\u00e7\u00f5es atualizadas diariamente sobre os servi\u00e7os realizados pelas secretarias de Obras (SO); de Sustentabilidade em Meio Ambiente e Atividades Urbanas (Sesmaur); de Mobilidade Urbana (SMU); e pela\u00a0 Empresa Municipal de Pavimenta\u00e7\u00e3o e Urbaniza\u00e7\u00e3o (Empav); Departamento Municipal de Limpeza Urbana (Demlurb); e Companhia de Saneamento Municipal (Cesama).<\/p>\n","protected":false},"excerpt":{"rendered":"<p>Segundo informa\u00e7\u00f5es do site da Prefeitura de Juiz de Fora, a Secretaria de Obras (SO) da Prefeitura de Juiz de Fora (PJF) opera em 108 a\u00e7\u00f5es de zeladoria nesta ter\u00e7a-feira, 4, realizadas atrav\u00e9s do Programa Boniteza e do Gabinete de A\u00e7\u00e3o e Di\u00e1logo Comunit\u00e1rio (GADC). Obras Os Departamentos de Opera\u00e7\u00e3o e Manuten\u00e7\u00e3o em Obras (Domo) [&hellip;]<\/p>\n","protected":false},"author":246,"featured_media":193259,"comment_status":"closed","ping_status":"closed","sticky":false,"template":"","format":"standard","meta":{"footnotes":""},"categories":[253,436,439],"tags":[],"class_list":["post-193258","post","type-post","status-publish","format-standard","has-post-thumbnail","hentry","category-cidade","category-destaque-da-semana","category-ultima-hora"],"_links":{"self":[{"href":"https:\/\/diarioregionaldigital.com.br\/index.php?rest_route=\/wp\/v2\/posts\/193258","targetHints":{"allow":["GET"]}}],"collection":[{"href":"https:\/\/diarioregionaldigital.com.br\/index.php?rest_route=\/wp\/v2\/posts"}],"about":[{"href":"https:\/\/diarioregionaldigital.com.br\/index.php?rest_route=\/wp\/v2\/types\/post"}],"author":[{"embeddable":true,"href":"https:\/\/diarioregionaldigital.com.br\/index.php?rest_route=\/wp\/v2\/users\/246"}],"replies":[{"embeddable":true,"href":"https:\/\/diarioregionaldigital.com.br\/index.php?rest_route=%2Fwp%2Fv2%2Fcomments&post=193258"}],"version-history":[{"count":1,"href":"https:\/\/diarioregionaldigital.com.br\/index.php?rest_route=\/wp\/v2\/posts\/193258\/revisions"}],"predecessor-version":[{"id":193260,"href":"https:\/\/diarioregionaldigital.com.br\/index.php?rest_route=\/wp\/v2\/posts\/193258\/revisions\/193260"}],"wp:featuredmedia":[{"embeddable":true,"href":"https:\/\/diarioregionaldigital.com.br\/index.php?rest_route=\/wp\/v2\/media\/193259"}],"wp:attachment":[{"href":"https:\/\/diarioregionaldigital.com.br\/index.php?rest_route=%2Fwp%2Fv2%2Fmedia&parent=193258"}],"wp:term":[{"taxonomy":"category","embeddable":true,"href":"https:\/\/diarioregionaldigital.com.br\/index.php?rest_route=%2Fwp%2Fv2%2Fcategories&post=193258"},{"taxonomy":"post_tag","embeddable":true,"href":"https:\/\/diarioregionaldigital.com.br\/index.php?rest_route=%2Fwp%2Fv2%2Ftags&post=193258"}],"curies":[{"name":"wp","href":"https:\/\/api.w.org\/{rel}","templated":true}]}}