{"id":193252,"date":"2022-01-04T17:23:16","date_gmt":"2022-01-04T20:23:16","guid":{"rendered":"https:\/\/diarioregionaldigital.com.br\/?p=193252"},"modified":"2022-01-04T17:23:16","modified_gmt":"2022-01-04T20:23:16","slug":"cesama-realiza-interligacao-no-bairro-grama-e-regiao-tera-abastecimento-afetado-nesta-5a","status":"publish","type":"post","link":"https:\/\/diarioregionaldigital.com.br\/?p=193252","title":{"rendered":"Cesama realiza interliga\u00e7\u00e3o no bairro Grama e regi\u00e3o ter\u00e1 abastecimento afetado nesta 5\u00aa"},"content":{"rendered":"<p>Nesta quinta-feira, 6, a Companhia de Saneamento Municipal (Cesama) da Prefeitura de Juiz de Fora ir\u00e1 realizar a interliga\u00e7\u00e3o de um novo empreendimento no Bairro Grama ao sistema da empresa. Para a execu\u00e7\u00e3o do servi\u00e7o, ser\u00e1 preciso interromper o fornecimento de \u00e1gua local das 8h \u00e0s 16h, o que comprometer\u00e1 o abastecimento nas comunidades de Grama, Parque Independ\u00eancia, Jardim Ema\u00fas, Filgueiras, S\u00e3o Luiz, Vila dos Sonhos, Nova Su\u00edssa, S\u00e3o Conrado e Terras do Comendador.<\/p>\n<p>Segundo informa\u00e7\u00f5es do site da Prefeitura de Juiz de Fora, assim, a Cesama pede a compreens\u00e3o dos moradores locais e orienta para que economizem \u00e1gua. A previs\u00e3o \u00e9 de que o abastecimento seja regularizado at\u00e9 a noite desta sexta, 7.<\/p>\n<p><strong>Outras informa\u00e7\u00f5es:<\/strong><\/p>\n<p>(32) 3692-9179 &#8211; Assessoria de Comunica\u00e7\u00e3o da Cesama<\/p>\n","protected":false},"excerpt":{"rendered":"<p>Nesta quinta-feira, 6, a Companhia de Saneamento Municipal (Cesama) da Prefeitura de Juiz de Fora ir\u00e1 realizar a interliga\u00e7\u00e3o de um novo empreendimento no Bairro Grama ao sistema da empresa. Para a execu\u00e7\u00e3o do servi\u00e7o, ser\u00e1 preciso interromper o fornecimento de \u00e1gua local das 8h \u00e0s 16h, o que comprometer\u00e1 o abastecimento nas comunidades de [&hellip;]<\/p>\n","protected":false},"author":246,"featured_media":193253,"comment_status":"closed","ping_status":"closed","sticky":false,"template":"","format":"standard","meta":{"footnotes":""},"categories":[253,436,440,439],"tags":[],"class_list":["post-193252","post","type-post","status-publish","format-standard","has-post-thumbnail","hentry","category-cidade","category-destaque-da-semana","category-destaques-do-dia","category-ultima-hora"],"_links":{"self":[{"href":"https:\/\/diarioregionaldigital.com.br\/index.php?rest_route=\/wp\/v2\/posts\/193252","targetHints":{"allow":["GET"]}}],"collection":[{"href":"https:\/\/diarioregionaldigital.com.br\/index.php?rest_route=\/wp\/v2\/posts"}],"about":[{"href":"https:\/\/diarioregionaldigital.com.br\/index.php?rest_route=\/wp\/v2\/types\/post"}],"author":[{"embeddable":true,"href":"https:\/\/diarioregionaldigital.com.br\/index.php?rest_route=\/wp\/v2\/users\/246"}],"replies":[{"embeddable":true,"href":"https:\/\/diarioregionaldigital.com.br\/index.php?rest_route=%2Fwp%2Fv2%2Fcomments&post=193252"}],"version-history":[{"count":1,"href":"https:\/\/diarioregionaldigital.com.br\/index.php?rest_route=\/wp\/v2\/posts\/193252\/revisions"}],"predecessor-version":[{"id":193254,"href":"https:\/\/diarioregionaldigital.com.br\/index.php?rest_route=\/wp\/v2\/posts\/193252\/revisions\/193254"}],"wp:featuredmedia":[{"embeddable":true,"href":"https:\/\/diarioregionaldigital.com.br\/index.php?rest_route=\/wp\/v2\/media\/193253"}],"wp:attachment":[{"href":"https:\/\/diarioregionaldigital.com.br\/index.php?rest_route=%2Fwp%2Fv2%2Fmedia&parent=193252"}],"wp:term":[{"taxonomy":"category","embeddable":true,"href":"https:\/\/diarioregionaldigital.com.br\/index.php?rest_route=%2Fwp%2Fv2%2Fcategories&post=193252"},{"taxonomy":"post_tag","embeddable":true,"href":"https:\/\/diarioregionaldigital.com.br\/index.php?rest_route=%2Fwp%2Fv2%2Ftags&post=193252"}],"curies":[{"name":"wp","href":"https:\/\/api.w.org\/{rel}","templated":true}]}}