{"id":193248,"date":"2022-01-04T15:37:37","date_gmt":"2022-01-04T18:37:37","guid":{"rendered":"https:\/\/diarioregionaldigital.com.br\/?p=193248"},"modified":"2022-01-04T15:37:37","modified_gmt":"2022-01-04T18:37:37","slug":"mbappe-marca-tres-gols-e-psg-avanca-as-oitavas-da-copa-da-franca","status":"publish","type":"post","link":"https:\/\/diarioregionaldigital.com.br\/?p=193248","title":{"rendered":"Mbapp\u00e9 marca tr\u00eas gols e PSG avan\u00e7a \u00e0s oitavas da Copa da Fran\u00e7a"},"content":{"rendered":"<p>O atual campe\u00e3o PSG avan\u00e7ou com facilidade para as oitavas de final da Copa da Fran\u00e7a, nesta segunda-feira (3), quando Kylian Mbapp\u00e9 marcou tr\u00eas gols no segundo tempo ap\u00f3s Presnel Kimpembe abrir o placar, garantindo \u00e0 equipe uma vit\u00f3ria por 4 a 0 sobre o Vannes, da quarta divis\u00e3o.<img decoding=\"async\" src=\"https:\/\/agenciabrasil.ebc.com.br\/ebc.png?id=1435109&amp;o=node\" \/><img decoding=\"async\" src=\"https:\/\/agenciabrasil.ebc.com.br\/ebc.gif?id=1435109&amp;o=node\" \/><\/p>\n<p>Com a aus\u00eancia de v\u00e1rios titulares, incluindo o brasileiro Neymar, lesionado, e Lionel Messi, que testou positivo para o novo coronav\u00edrus (covid-19), o t\u00e9cnico do PSG, Mauricio Pochettino, escalou uma equipe improvisada que dominou o jogo, embora tenha atuado em ritmo lento durante grande parte da disputa.<\/p>\n<p>O goleiro do time da casa Clement Petrel evitou gols de Ander Herrera e Georginio Wijnaldum com boas defesas, antes de o zagueiro Kimpembe abrir o placar para os visitantes com um cabeceio \u00e0 queima-roupa, aos 28 minutos.<\/p>\n<p>Mbapp\u00e9, que teve atua\u00e7\u00e3o discreta no primeiro tempo, dobrou a vantagem aos 14 do segundo tempo, depois de escapar de seus marcadores, e ampliou aos 26 ao completar boa jogada de Xavi Simons, de 18 anos.<\/p>\n<p>Mbapp\u00e9 completou seu\u00a0<em>hat-trick<\/em>\u00a0cinco minutos depois, ao empurrar para o gol vazio ap\u00f3s tabelar com Eric Ebimbe.<\/p>\n<p>Edouard Michut, outro jogador de 18 anos que recebeu chance de Pochettino, acertou a trave antes de Petrel fazer outra boa defesa em finaliza\u00e7\u00e3o de Ebimbe nos momentos finais.<\/p>\n<p><span style=\"font-weight: 400;\">Fonte: Ag\u00eancia Brasil <\/span><\/p>\n","protected":false},"excerpt":{"rendered":"<p>O atual campe\u00e3o PSG avan\u00e7ou com facilidade para as oitavas de final da Copa da Fran\u00e7a, nesta segunda-feira (3), quando Kylian Mbapp\u00e9 marcou tr\u00eas gols no segundo tempo ap\u00f3s Presnel Kimpembe abrir o placar, garantindo \u00e0 equipe uma vit\u00f3ria por 4 a 0 sobre o Vannes, da quarta divis\u00e3o. Com a aus\u00eancia de v\u00e1rios titulares, [&hellip;]<\/p>\n","protected":false},"author":246,"featured_media":193249,"comment_status":"closed","ping_status":"closed","sticky":false,"template":"","format":"standard","meta":{"footnotes":""},"categories":[436,257,439],"tags":[],"class_list":["post-193248","post","type-post","status-publish","format-standard","has-post-thumbnail","hentry","category-destaque-da-semana","category-esporte","category-ultima-hora"],"_links":{"self":[{"href":"https:\/\/diarioregionaldigital.com.br\/index.php?rest_route=\/wp\/v2\/posts\/193248","targetHints":{"allow":["GET"]}}],"collection":[{"href":"https:\/\/diarioregionaldigital.com.br\/index.php?rest_route=\/wp\/v2\/posts"}],"about":[{"href":"https:\/\/diarioregionaldigital.com.br\/index.php?rest_route=\/wp\/v2\/types\/post"}],"author":[{"embeddable":true,"href":"https:\/\/diarioregionaldigital.com.br\/index.php?rest_route=\/wp\/v2\/users\/246"}],"replies":[{"embeddable":true,"href":"https:\/\/diarioregionaldigital.com.br\/index.php?rest_route=%2Fwp%2Fv2%2Fcomments&post=193248"}],"version-history":[{"count":2,"href":"https:\/\/diarioregionaldigital.com.br\/index.php?rest_route=\/wp\/v2\/posts\/193248\/revisions"}],"predecessor-version":[{"id":193251,"href":"https:\/\/diarioregionaldigital.com.br\/index.php?rest_route=\/wp\/v2\/posts\/193248\/revisions\/193251"}],"wp:featuredmedia":[{"embeddable":true,"href":"https:\/\/diarioregionaldigital.com.br\/index.php?rest_route=\/wp\/v2\/media\/193249"}],"wp:attachment":[{"href":"https:\/\/diarioregionaldigital.com.br\/index.php?rest_route=%2Fwp%2Fv2%2Fmedia&parent=193248"}],"wp:term":[{"taxonomy":"category","embeddable":true,"href":"https:\/\/diarioregionaldigital.com.br\/index.php?rest_route=%2Fwp%2Fv2%2Fcategories&post=193248"},{"taxonomy":"post_tag","embeddable":true,"href":"https:\/\/diarioregionaldigital.com.br\/index.php?rest_route=%2Fwp%2Fv2%2Ftags&post=193248"}],"curies":[{"name":"wp","href":"https:\/\/api.w.org\/{rel}","templated":true}]}}