{"id":193245,"date":"2022-01-04T15:35:49","date_gmt":"2022-01-04T18:35:49","guid":{"rendered":"https:\/\/diarioregionaldigital.com.br\/?p=193245"},"modified":"2022-01-04T15:35:49","modified_gmt":"2022-01-04T18:35:49","slug":"cruzeiro-acerta-com-o-tecnico-uruguaio-paulo-pezzolano","status":"publish","type":"post","link":"https:\/\/diarioregionaldigital.com.br\/?p=193245","title":{"rendered":"Cruzeiro acerta com o t\u00e9cnico uruguaio Paulo Pezzolano"},"content":{"rendered":"<p>O Cruzeiro anunciou nesta segunda-feira (3) a contrata\u00e7\u00e3o do t\u00e9cnico uruguaio Paulo Pezzolano. O treinador acertou com a Raposa por um ano, com a possibilidade de renova\u00e7\u00e3o do v\u00ednculo.<img decoding=\"async\" src=\"https:\/\/agenciabrasil.ebc.com.br\/ebc.png?id=1435113&amp;o=node\" \/><img decoding=\"async\" src=\"https:\/\/agenciabrasil.ebc.com.br\/ebc.gif?id=1435113&amp;o=node\" \/><\/p>\n<p>Junto com Pezzolano chegam o auxiliar-t\u00e9cnico Mart\u00edn Varini, o preparador f\u00edsico Gonzalo \u00c1lvarez e o analista de desempenho Matias Filippini.<\/p>\n<p>\u201cOl\u00e1 na\u00e7\u00e3o azul. Estou muito empolgado de participar deste projeto do Cruzeiro. Vamos precisar muito se voc\u00eas para alcan\u00e7ar os objetivos\u201d, declarou o t\u00e9cnico em v\u00eddeo divulgado pelo Cruzeiro.<\/p>\n<p>O treinador se apresenta oficialmente \u00e0 Raposa na pr\u00f3xima ter\u00e7a-feira (4), na Toca da Raposa II.<\/p>\n<p><span style=\"font-weight: 400;\">Fonte: Ag\u00eancia Brasil <\/span><\/p>\n","protected":false},"excerpt":{"rendered":"<p>O Cruzeiro anunciou nesta segunda-feira (3) a contrata\u00e7\u00e3o do t\u00e9cnico uruguaio Paulo Pezzolano. O treinador acertou com a Raposa por um ano, com a possibilidade de renova\u00e7\u00e3o do v\u00ednculo. Junto com Pezzolano chegam o auxiliar-t\u00e9cnico Mart\u00edn Varini, o preparador f\u00edsico Gonzalo \u00c1lvarez e o analista de desempenho Matias Filippini. \u201cOl\u00e1 na\u00e7\u00e3o azul. Estou muito empolgado [&hellip;]<\/p>\n","protected":false},"author":246,"featured_media":193246,"comment_status":"closed","ping_status":"closed","sticky":false,"template":"","format":"standard","meta":{"footnotes":""},"categories":[436,257,439],"tags":[],"class_list":["post-193245","post","type-post","status-publish","format-standard","has-post-thumbnail","hentry","category-destaque-da-semana","category-esporte","category-ultima-hora"],"_links":{"self":[{"href":"https:\/\/diarioregionaldigital.com.br\/index.php?rest_route=\/wp\/v2\/posts\/193245","targetHints":{"allow":["GET"]}}],"collection":[{"href":"https:\/\/diarioregionaldigital.com.br\/index.php?rest_route=\/wp\/v2\/posts"}],"about":[{"href":"https:\/\/diarioregionaldigital.com.br\/index.php?rest_route=\/wp\/v2\/types\/post"}],"author":[{"embeddable":true,"href":"https:\/\/diarioregionaldigital.com.br\/index.php?rest_route=\/wp\/v2\/users\/246"}],"replies":[{"embeddable":true,"href":"https:\/\/diarioregionaldigital.com.br\/index.php?rest_route=%2Fwp%2Fv2%2Fcomments&post=193245"}],"version-history":[{"count":1,"href":"https:\/\/diarioregionaldigital.com.br\/index.php?rest_route=\/wp\/v2\/posts\/193245\/revisions"}],"predecessor-version":[{"id":193247,"href":"https:\/\/diarioregionaldigital.com.br\/index.php?rest_route=\/wp\/v2\/posts\/193245\/revisions\/193247"}],"wp:featuredmedia":[{"embeddable":true,"href":"https:\/\/diarioregionaldigital.com.br\/index.php?rest_route=\/wp\/v2\/media\/193246"}],"wp:attachment":[{"href":"https:\/\/diarioregionaldigital.com.br\/index.php?rest_route=%2Fwp%2Fv2%2Fmedia&parent=193245"}],"wp:term":[{"taxonomy":"category","embeddable":true,"href":"https:\/\/diarioregionaldigital.com.br\/index.php?rest_route=%2Fwp%2Fv2%2Fcategories&post=193245"},{"taxonomy":"post_tag","embeddable":true,"href":"https:\/\/diarioregionaldigital.com.br\/index.php?rest_route=%2Fwp%2Fv2%2Ftags&post=193245"}],"curies":[{"name":"wp","href":"https:\/\/api.w.org\/{rel}","templated":true}]}}