{"id":193242,"date":"2022-01-04T15:31:49","date_gmt":"2022-01-04T18:31:49","guid":{"rendered":"https:\/\/diarioregionaldigital.com.br\/?p=193242"},"modified":"2022-01-04T15:31:49","modified_gmt":"2022-01-04T18:31:49","slug":"vasco-se-reapresenta-com-elenco-reduzido-e-desfalques","status":"publish","type":"post","link":"https:\/\/diarioregionaldigital.com.br\/?p=193242","title":{"rendered":"Vasco se reapresenta com elenco reduzido e desfalques"},"content":{"rendered":"<p>Depois da melanc\u00f3lica temporada de 2021, o Vasco se reapresentou, nesta segunda-feira (3), no CT Moacyr Barbosa, na Cidade de Deus. E assim alguns mist\u00e9rios que invadiram as cabe\u00e7as dos torcedores nas \u00faltimas semanas finalmente foram revelados.<img decoding=\"async\" src=\"https:\/\/agenciabrasil.ebc.com.br\/ebc.png?id=1435069&amp;o=node\" \/><img decoding=\"async\" src=\"https:\/\/agenciabrasil.ebc.com.br\/ebc.gif?id=1435069&amp;o=node\" \/><\/p>\n<p>O clube ter\u00e1 um elenco bastante modificado. Ap\u00f3s as despedidas, no fim do ano passado, de L\u00e9o Jab\u00e1, W\u00e1lber, Michel, Germ\u00e1n Cano, Andrey, Morato, Marquinhos Gabriel, Zeca, Ernando, R\u00f4mulo e Ricardo Gra\u00e7a, o Vasco confirmou a sa\u00edda de mais atletas.<\/p>\n<p>A principal perda \u00e9 de Leandro Cast\u00e1n. O zagueiro, capit\u00e3o da equipe nas campanhas anteriores, tem contrato com o clube at\u00e9 o fim de 2022, mas n\u00e3o ser\u00e1 utilizado, assim como o goleiro Vanderlei. Os dois treinar\u00e3o em hor\u00e1rio alternativo a partir da pr\u00f3xima quarta-feira (5). J\u00e1 o atacante Daniel Amorim chegou ao fim do contrato e n\u00e3o faz parte dos planos.<\/p>\n<p>Crias do Vasco, Caio Lopes e Jo\u00e3o Pedro n\u00e3o ter\u00e3o contratos renovados. Os atletas tinham v\u00ednculo com o clube at\u00e9 o fim de janeiro. Outro jogador criado em S\u00e3o Janu\u00e1rio, Lucas Santos, tamb\u00e9m fica fora e a diretoria negocia uma rescis\u00e3o de contrato.<\/p>\n<p>Ainda falando de quem veio da base, por enquanto, o Vasco n\u00e3o pretende se desfazer de Cayo Ten\u00f3rio e Tiago Reis. Eles devem ser emprestados nesta temporada. O zagueiro Miranda est\u00e1 suspenso, preventivamente, por tempo indeterminado, pela Conmebol, por doping. O clube afirma que fez proposta de extens\u00e3o do v\u00ednculo contratual, mas ainda n\u00e3o recebeu resposta do atleta.<\/p>\n<p>Com isso, o Vasco perde 20 jogadores que fizeram parte do grupo de 2021 e conta, inicialmente, com um elenco de 23 atletas para come\u00e7ar a temporada de 2022. Destes 23, o zagueiro rec\u00e9m-contratado Cang\u00e1, o volante Mat\u00edas Galarza, os laterais L\u00e9o Matos e Riquelme, o meio-campista Nen\u00ea e o goleiro Thiago Rodrigues est\u00e3o com o novo coronav\u00edrus (covid-19). Sarrafiore e Weverton se recuperam de cirurgias no joelho.<\/p>\n<p>O Vasco deve anunciar refor\u00e7os ainda nesta semana. Os atacantes Raniel (ex-Santos) e Vitinho (ex-Corinthians) podem fazer parte do elenco. O clube j\u00e1 fez seis contrata\u00e7\u00f5es para esta temporada: o goleiro Thiago Rodrigues (ex-CSA), os zagueiros Anderson Concei\u00e7\u00e3o (ex-Cuiab\u00e1) e Luis Cang\u00e1 (ex-Delf\u00edn), o lateral-esquerdo Edimar (ex-Bragantino), o volante Yuri Lara (ex-CSA) e o meio-campista Isaque (ex-Gr\u00eamio).<\/p>\n<p><span style=\"font-weight: 400;\">Fonte: Ag\u00eancia Brasil <\/span><\/p>\n","protected":false},"excerpt":{"rendered":"<p>Depois da melanc\u00f3lica temporada de 2021, o Vasco se reapresentou, nesta segunda-feira (3), no CT Moacyr Barbosa, na Cidade de Deus. E assim alguns mist\u00e9rios que invadiram as cabe\u00e7as dos torcedores nas \u00faltimas semanas finalmente foram revelados. O clube ter\u00e1 um elenco bastante modificado. Ap\u00f3s as despedidas, no fim do ano passado, de L\u00e9o Jab\u00e1, [&hellip;]<\/p>\n","protected":false},"author":246,"featured_media":193243,"comment_status":"closed","ping_status":"closed","sticky":false,"template":"","format":"standard","meta":{"footnotes":""},"categories":[436,257,439],"tags":[],"class_list":["post-193242","post","type-post","status-publish","format-standard","has-post-thumbnail","hentry","category-destaque-da-semana","category-esporte","category-ultima-hora"],"_links":{"self":[{"href":"https:\/\/diarioregionaldigital.com.br\/index.php?rest_route=\/wp\/v2\/posts\/193242","targetHints":{"allow":["GET"]}}],"collection":[{"href":"https:\/\/diarioregionaldigital.com.br\/index.php?rest_route=\/wp\/v2\/posts"}],"about":[{"href":"https:\/\/diarioregionaldigital.com.br\/index.php?rest_route=\/wp\/v2\/types\/post"}],"author":[{"embeddable":true,"href":"https:\/\/diarioregionaldigital.com.br\/index.php?rest_route=\/wp\/v2\/users\/246"}],"replies":[{"embeddable":true,"href":"https:\/\/diarioregionaldigital.com.br\/index.php?rest_route=%2Fwp%2Fv2%2Fcomments&post=193242"}],"version-history":[{"count":1,"href":"https:\/\/diarioregionaldigital.com.br\/index.php?rest_route=\/wp\/v2\/posts\/193242\/revisions"}],"predecessor-version":[{"id":193244,"href":"https:\/\/diarioregionaldigital.com.br\/index.php?rest_route=\/wp\/v2\/posts\/193242\/revisions\/193244"}],"wp:featuredmedia":[{"embeddable":true,"href":"https:\/\/diarioregionaldigital.com.br\/index.php?rest_route=\/wp\/v2\/media\/193243"}],"wp:attachment":[{"href":"https:\/\/diarioregionaldigital.com.br\/index.php?rest_route=%2Fwp%2Fv2%2Fmedia&parent=193242"}],"wp:term":[{"taxonomy":"category","embeddable":true,"href":"https:\/\/diarioregionaldigital.com.br\/index.php?rest_route=%2Fwp%2Fv2%2Fcategories&post=193242"},{"taxonomy":"post_tag","embeddable":true,"href":"https:\/\/diarioregionaldigital.com.br\/index.php?rest_route=%2Fwp%2Fv2%2Ftags&post=193242"}],"curies":[{"name":"wp","href":"https:\/\/api.w.org\/{rel}","templated":true}]}}