{"id":193239,"date":"2022-01-04T15:29:59","date_gmt":"2022-01-04T18:29:59","guid":{"rendered":"https:\/\/diarioregionaldigital.com.br\/?p=193239"},"modified":"2022-01-04T15:29:59","modified_gmt":"2022-01-04T18:29:59","slug":"volei-osasco-tem-jogos-adiados-apos-casos-de-covid-19","status":"publish","type":"post","link":"https:\/\/diarioregionaldigital.com.br\/?p=193239","title":{"rendered":"V\u00f4lei: Osasco tem jogos adiados ap\u00f3s casos de covid-19"},"content":{"rendered":"<p>A Confedera\u00e7\u00e3o Brasileira de V\u00f4lei (CBV) confirmou nesta segunda-feira (3) o adiamento das duas primeiras partidas do Osasco em 2022 pela Superliga Feminina ap\u00f3s atletas da equipe terem testado positivo para o novo coronav\u00edrus (covid-19).<img decoding=\"async\" src=\"https:\/\/agenciabrasil.ebc.com.br\/ebc.png?id=1435060&amp;o=node\" \/><img decoding=\"async\" src=\"https:\/\/agenciabrasil.ebc.com.br\/ebc.gif?id=1435060&amp;o=node\" \/><\/p>\n<p>Desta forma, os confrontos contra o Fluminense, na sexta-feira (7), e Itamb\u00e9 Minas, na pr\u00f3xima segunda-feira (10), ter\u00e3o novas datas definidas posteriormente pela entidade.<\/p>\n<p>Segundo comunicado do pr\u00f3prio Osasco, algumas atletas testaram positivo para covid-19, mas nenhuma apresentou sintomas graves. Todas est\u00e3o em isolamento e recebendo os cuidados necess\u00e1rios para a recupera\u00e7\u00e3o.<\/p>\n<p><span style=\"font-weight: 400;\">Fonte: Ag\u00eancia Brasil <\/span><\/p>\n","protected":false},"excerpt":{"rendered":"<p>A Confedera\u00e7\u00e3o Brasileira de V\u00f4lei (CBV) confirmou nesta segunda-feira (3) o adiamento das duas primeiras partidas do Osasco em 2022 pela Superliga Feminina ap\u00f3s atletas da equipe terem testado positivo para o novo coronav\u00edrus (covid-19). Desta forma, os confrontos contra o Fluminense, na sexta-feira (7), e Itamb\u00e9 Minas, na pr\u00f3xima segunda-feira (10), ter\u00e3o novas datas [&hellip;]<\/p>\n","protected":false},"author":246,"featured_media":193240,"comment_status":"closed","ping_status":"closed","sticky":false,"template":"","format":"standard","meta":{"footnotes":""},"categories":[436,440,257,439],"tags":[],"class_list":["post-193239","post","type-post","status-publish","format-standard","has-post-thumbnail","hentry","category-destaque-da-semana","category-destaques-do-dia","category-esporte","category-ultima-hora"],"_links":{"self":[{"href":"https:\/\/diarioregionaldigital.com.br\/index.php?rest_route=\/wp\/v2\/posts\/193239","targetHints":{"allow":["GET"]}}],"collection":[{"href":"https:\/\/diarioregionaldigital.com.br\/index.php?rest_route=\/wp\/v2\/posts"}],"about":[{"href":"https:\/\/diarioregionaldigital.com.br\/index.php?rest_route=\/wp\/v2\/types\/post"}],"author":[{"embeddable":true,"href":"https:\/\/diarioregionaldigital.com.br\/index.php?rest_route=\/wp\/v2\/users\/246"}],"replies":[{"embeddable":true,"href":"https:\/\/diarioregionaldigital.com.br\/index.php?rest_route=%2Fwp%2Fv2%2Fcomments&post=193239"}],"version-history":[{"count":1,"href":"https:\/\/diarioregionaldigital.com.br\/index.php?rest_route=\/wp\/v2\/posts\/193239\/revisions"}],"predecessor-version":[{"id":193241,"href":"https:\/\/diarioregionaldigital.com.br\/index.php?rest_route=\/wp\/v2\/posts\/193239\/revisions\/193241"}],"wp:featuredmedia":[{"embeddable":true,"href":"https:\/\/diarioregionaldigital.com.br\/index.php?rest_route=\/wp\/v2\/media\/193240"}],"wp:attachment":[{"href":"https:\/\/diarioregionaldigital.com.br\/index.php?rest_route=%2Fwp%2Fv2%2Fmedia&parent=193239"}],"wp:term":[{"taxonomy":"category","embeddable":true,"href":"https:\/\/diarioregionaldigital.com.br\/index.php?rest_route=%2Fwp%2Fv2%2Fcategories&post=193239"},{"taxonomy":"post_tag","embeddable":true,"href":"https:\/\/diarioregionaldigital.com.br\/index.php?rest_route=%2Fwp%2Fv2%2Ftags&post=193239"}],"curies":[{"name":"wp","href":"https:\/\/api.w.org\/{rel}","templated":true}]}}