{"id":193223,"date":"2022-01-04T14:51:01","date_gmt":"2022-01-04T17:51:01","guid":{"rendered":"https:\/\/diarioregionaldigital.com.br\/?p=193223"},"modified":"2022-01-04T14:51:01","modified_gmt":"2022-01-04T17:51:01","slug":"voltam-a-valer-regras-antigas-para-remarcacao-de-passagens","status":"publish","type":"post","link":"https:\/\/diarioregionaldigital.com.br\/?p=193223","title":{"rendered":"Voltam a valer regras antigas para remarca\u00e7\u00e3o de passagens"},"content":{"rendered":"<p>As antigas regras para altera\u00e7\u00e3o e cancelamento de voos por passageiros e companhias a\u00e9reas votaram a valer no dia 1\u00ba de janeiro deste ano. Com o t\u00e9rmino da validade da Lei n\u00ba 14.174\/2021, as regras que estavam em vigor durante o auge da pandemia de covid-19 n\u00e3o ser\u00e3o mais aplicadas em fun\u00e7\u00e3o do fim da flexibiliza\u00e7\u00e3o.<img decoding=\"async\" src=\"https:\/\/agenciabrasil.ebc.com.br\/ebc.png?id=1435029&amp;o=node\" \/><img decoding=\"async\" src=\"https:\/\/agenciabrasil.ebc.com.br\/ebc.gif?id=1435029&amp;o=node\" \/><\/p>\n<p>Durante a pandemia, o consumidor que cancelasse uma passagem para viagens entre 19 de mar\u00e7o de 2020 e 31 de dezembro de 2021\u00a0estava isento da cobran\u00e7a de multa, e o valor pago era convertido em cr\u00e9dito para pr\u00f3xima viagem. Quem optasse pelo reembolso, teria at\u00e9 um ano para receber o valor, que seria corrigido pelo \u00cdndice Nacional de Pre\u00e7os ao Consumidor (INPC).<\/p>\n<p>Com a volta da vig\u00eancia da Resolu\u00e7\u00e3o n\u00ba 400\/2016, da Ag\u00eancia Nacional de Avia\u00e7\u00e3o Civil (Anac), o passageiro que fizer o cancelamento pode ter que pagar multas previstas no contrato de presta\u00e7\u00e3o de servi\u00e7os e ter o restante do valor restitu\u00eddo em sete\u00a0dias ou creditado de acordo com as regras da empresa.<\/p>\n<p>No caso de cancelamento por parte da companhia a\u00e9rea, os passageiros t\u00eam direito de optar pelo reembolso total ou reacomoda\u00e7\u00e3o em outro voo, al\u00e9m da presta\u00e7\u00e3o do servi\u00e7o por outras modalidades.<\/p>\n<p>No\u00a0<em>site<\/em>\u00a0da\u00a0<a href=\"https:\/\/www.gov.br\/anac\/pt-br\/noticias\/2021\/regras-de-alteracao-de-passagens-anteriores-a-pandemia-voltam-a-vigorar\" target=\"_blank\" rel=\"noopener\">Anac<\/a>\u00a0\u00e9 poss\u00edvel tirar d\u00favidas sobre as regras de reembolso e remarca\u00e7\u00f5es de passagens a\u00e9reas.<\/p>\n<p><span style=\"font-weight: 400;\">Fonte: Ag\u00eancia Brasil <\/span><\/p>\n","protected":false},"excerpt":{"rendered":"<p>As antigas regras para altera\u00e7\u00e3o e cancelamento de voos por passageiros e companhias a\u00e9reas votaram a valer no dia 1\u00ba de janeiro deste ano. Com o t\u00e9rmino da validade da Lei n\u00ba 14.174\/2021, as regras que estavam em vigor durante o auge da pandemia de covid-19 n\u00e3o ser\u00e3o mais aplicadas em fun\u00e7\u00e3o do fim da [&hellip;]<\/p>\n","protected":false},"author":246,"featured_media":193224,"comment_status":"closed","ping_status":"closed","sticky":false,"template":"","format":"standard","meta":{"footnotes":""},"categories":[436,261,439],"tags":[],"class_list":["post-193223","post","type-post","status-publish","format-standard","has-post-thumbnail","hentry","category-destaque-da-semana","category-economia","category-ultima-hora"],"_links":{"self":[{"href":"https:\/\/diarioregionaldigital.com.br\/index.php?rest_route=\/wp\/v2\/posts\/193223","targetHints":{"allow":["GET"]}}],"collection":[{"href":"https:\/\/diarioregionaldigital.com.br\/index.php?rest_route=\/wp\/v2\/posts"}],"about":[{"href":"https:\/\/diarioregionaldigital.com.br\/index.php?rest_route=\/wp\/v2\/types\/post"}],"author":[{"embeddable":true,"href":"https:\/\/diarioregionaldigital.com.br\/index.php?rest_route=\/wp\/v2\/users\/246"}],"replies":[{"embeddable":true,"href":"https:\/\/diarioregionaldigital.com.br\/index.php?rest_route=%2Fwp%2Fv2%2Fcomments&post=193223"}],"version-history":[{"count":1,"href":"https:\/\/diarioregionaldigital.com.br\/index.php?rest_route=\/wp\/v2\/posts\/193223\/revisions"}],"predecessor-version":[{"id":193225,"href":"https:\/\/diarioregionaldigital.com.br\/index.php?rest_route=\/wp\/v2\/posts\/193223\/revisions\/193225"}],"wp:featuredmedia":[{"embeddable":true,"href":"https:\/\/diarioregionaldigital.com.br\/index.php?rest_route=\/wp\/v2\/media\/193224"}],"wp:attachment":[{"href":"https:\/\/diarioregionaldigital.com.br\/index.php?rest_route=%2Fwp%2Fv2%2Fmedia&parent=193223"}],"wp:term":[{"taxonomy":"category","embeddable":true,"href":"https:\/\/diarioregionaldigital.com.br\/index.php?rest_route=%2Fwp%2Fv2%2Fcategories&post=193223"},{"taxonomy":"post_tag","embeddable":true,"href":"https:\/\/diarioregionaldigital.com.br\/index.php?rest_route=%2Fwp%2Fv2%2Ftags&post=193223"}],"curies":[{"name":"wp","href":"https:\/\/api.w.org\/{rel}","templated":true}]}}