{"id":193220,"date":"2022-01-04T14:49:35","date_gmt":"2022-01-04T17:49:35","guid":{"rendered":"https:\/\/diarioregionaldigital.com.br\/?p=193220"},"modified":"2022-01-04T14:49:35","modified_gmt":"2022-01-04T17:49:35","slug":"rio-de-janeiro-registra-abertura-recorde-de-72-894-empresas-no-estado","status":"publish","type":"post","link":"https:\/\/diarioregionaldigital.com.br\/?p=193220","title":{"rendered":"Rio de Janeiro registra abertura recorde de 72.894 empresas no estado"},"content":{"rendered":"<p>A Junta Comercial do Estado do Rio de Janeiro (Jucerja) registrou a abertura de 72.894 empresas no territ\u00f3rio fluminense, em 2021. O n\u00famero \u00e9 recorde hist\u00f3rico nos 208 anos de exist\u00eancia da autarquia, vinculada \u00e0 Secretaria de Estado de Desenvolvimento Econ\u00f4mico, Energia e Rela\u00e7\u00f5es Internacionais.<img decoding=\"async\" src=\"https:\/\/agenciabrasil.ebc.com.br\/ebc.png?id=1435175&amp;o=node\" \/><img decoding=\"async\" src=\"https:\/\/agenciabrasil.ebc.com.br\/ebc.gif?id=1435175&amp;o=node\" \/><\/p>\n<p>O resultado revela aumento de 35% em rela\u00e7\u00e3o ao n\u00famero de empresas abertas em 2020 (53.883) e de 23% em compara\u00e7\u00e3o a 2019 (58.908), ano anterior \u00e0 pandemia da covid-19. A maior parte das 72.894 novas empresas \u00e9 do setor de servi\u00e7os, destacando tecnologia da informa\u00e7\u00e3o (TI), gastronomia e vestu\u00e1rio para venda no com\u00e9rcio.<\/p>\n<p>O presidente da Jucerja, S\u00e9rgio Romay, disse hoje (4) \u00e0\u00a0<strong>Ag\u00eancia Brasil<\/strong>\u00a0que o resultado reflete uma soma de fatores. \u201cDepois da pandemia, muita gente perdeu seus empregos. Alguns decidiram ser empreendedores. O pr\u00f3prio Estado tem ajudado muito, atrav\u00e9s da Ag\u00eancia Estadual de Fomento (AgeRio) e alguns empres\u00e1rios optaram por fazer seus investimentos e partir para uma carreira de empreendedor\u201d.<\/p>\n<p>Ainda de acordo com Romay, outro aspecto que contribuiu para o aumento de novos neg\u00f3cios \u00e9 que o governo tem recuperado o estado economicamente.<\/p>\n<p>\u201cCom isso, a atra\u00e7\u00e3o de investimento tem se materializado. Aqui na Jucerja, n\u00f3s recebemos muitas empresas que sa\u00edram do Rio e est\u00e3o voltando, porque os \u00edndices de criminalidade, de acordo com o Instituto de Seguran\u00e7a P\u00fablica (ISP), est\u00e3o caindo; porque a vacina\u00e7\u00e3o no Rio de Janeiro funcionou. \u00c9 uma s\u00e9rie de fatores que tem favorecido a atra\u00e7\u00e3o de investimento no Rio de Janeiro\u201d, disse.<\/p>\n<p>Para o governador Cl\u00e1udio Castro, o recorde \u201c\u00e9 mais uma prova da retomada do crescimento do estado. O Rio de Janeiro vive um novo momento. A recupera\u00e7\u00e3o econ\u00f4mica \u00e9 hoje uma realidade em todo o territ\u00f3rio fluminense\u201d.<\/p>\n<p>S\u00e9rgio Romay revelou que o n\u00famero de empresas que fecharam as portas no ano passado chegou a 27.644, se mantendo est\u00e1vel: \u201co n\u00famero de empresas que fecharam se manteve no mesmo patamar dos dois \u00faltimos anos\u201d. Em 2020, foram extintos 27.367 neg\u00f3cios e em 2019, 27.159.<\/p>\n<p><strong>Agilidade<\/strong><\/p>\n<p>S\u00e9rgio Romay informou que a Jucerja tem aberto empresas no prazo de 40 minutos. \u201c\u00c9 facilidade total para os empreendedores. Quem d\u00e1 entrada nos documentos, no dia seguinte j\u00e1 sai com o alvar\u00e1, com licen\u00e7a ambiental do Instituto Estadual do Ambiente (Inea), com a licen\u00e7a da Vigil\u00e2ncia Sanit\u00e1ria e do Corpo de Bombeiros, sai com inscri\u00e7\u00e3o estadual, Cadastro Nacional da Pessoa Jur\u00eddica (CNPJ) da Receita Federal. S\u00e3o facilidades que n\u00f3s temos dado aos empres\u00e1rios, at\u00e9 por orienta\u00e7\u00e3o do governador. Ele quer estender o tapete vermelho a todos aqueles que queiram investir no estado do Rio de Janeiro\u201d.<\/p>\n<p>A m\u00e9dia de tempo de abertura de uma empresa tamb\u00e9m melhorou em rela\u00e7\u00e3o \u00e0 do ano anterior e segue dentro da meta estabelecida pelo governo fluminense, de at\u00e9 duas horas. Em 2021, a m\u00e9dia ficou em 40 minutos, um minuto a menos do que em 2020.<\/p>\n<p><strong>Alvar\u00e1 Automatizado<\/strong><\/p>\n<p>A Jucerja tamb\u00e9m fechou o ano de 2021 com mais 15 munic\u00edpios integrados ao Alvar\u00e1 Automatizado, totalizando 68 cidades com o conv\u00eanio. A ferramenta ajuda empres\u00e1rios a j\u00e1 sair da junta comercial com todas as licen\u00e7as, desburocratizando e simplificando os entraves para o empreendedor.<\/p>\n<p>O objetivo da Jucerja \u00e9 levar o Alvar\u00e1 Automatizado para os 24 munic\u00edpios fluminenses restantes, de modo a cobrir todas os 92 cidades do estado. Para isso, Romay informou que as prefeituras devem assinar o termo de coopera\u00e7\u00e3o com a junta comercial.<\/p>\n<p><span style=\"font-weight: 400;\">Fonte: Ag\u00eancia Brasil <\/span><\/p>\n","protected":false},"excerpt":{"rendered":"<p>A Junta Comercial do Estado do Rio de Janeiro (Jucerja) registrou a abertura de 72.894 empresas no territ\u00f3rio fluminense, em 2021. O n\u00famero \u00e9 recorde hist\u00f3rico nos 208 anos de exist\u00eancia da autarquia, vinculada \u00e0 Secretaria de Estado de Desenvolvimento Econ\u00f4mico, Energia e Rela\u00e7\u00f5es Internacionais. O resultado revela aumento de 35% em rela\u00e7\u00e3o ao n\u00famero [&hellip;]<\/p>\n","protected":false},"author":246,"featured_media":193221,"comment_status":"closed","ping_status":"closed","sticky":false,"template":"","format":"standard","meta":{"footnotes":""},"categories":[436,261,439],"tags":[],"class_list":["post-193220","post","type-post","status-publish","format-standard","has-post-thumbnail","hentry","category-destaque-da-semana","category-economia","category-ultima-hora"],"_links":{"self":[{"href":"https:\/\/diarioregionaldigital.com.br\/index.php?rest_route=\/wp\/v2\/posts\/193220","targetHints":{"allow":["GET"]}}],"collection":[{"href":"https:\/\/diarioregionaldigital.com.br\/index.php?rest_route=\/wp\/v2\/posts"}],"about":[{"href":"https:\/\/diarioregionaldigital.com.br\/index.php?rest_route=\/wp\/v2\/types\/post"}],"author":[{"embeddable":true,"href":"https:\/\/diarioregionaldigital.com.br\/index.php?rest_route=\/wp\/v2\/users\/246"}],"replies":[{"embeddable":true,"href":"https:\/\/diarioregionaldigital.com.br\/index.php?rest_route=%2Fwp%2Fv2%2Fcomments&post=193220"}],"version-history":[{"count":1,"href":"https:\/\/diarioregionaldigital.com.br\/index.php?rest_route=\/wp\/v2\/posts\/193220\/revisions"}],"predecessor-version":[{"id":193222,"href":"https:\/\/diarioregionaldigital.com.br\/index.php?rest_route=\/wp\/v2\/posts\/193220\/revisions\/193222"}],"wp:featuredmedia":[{"embeddable":true,"href":"https:\/\/diarioregionaldigital.com.br\/index.php?rest_route=\/wp\/v2\/media\/193221"}],"wp:attachment":[{"href":"https:\/\/diarioregionaldigital.com.br\/index.php?rest_route=%2Fwp%2Fv2%2Fmedia&parent=193220"}],"wp:term":[{"taxonomy":"category","embeddable":true,"href":"https:\/\/diarioregionaldigital.com.br\/index.php?rest_route=%2Fwp%2Fv2%2Fcategories&post=193220"},{"taxonomy":"post_tag","embeddable":true,"href":"https:\/\/diarioregionaldigital.com.br\/index.php?rest_route=%2Fwp%2Fv2%2Ftags&post=193220"}],"curies":[{"name":"wp","href":"https:\/\/api.w.org\/{rel}","templated":true}]}}