{"id":193217,"date":"2022-01-04T14:48:04","date_gmt":"2022-01-04T17:48:04","guid":{"rendered":"https:\/\/diarioregionaldigital.com.br\/?p=193217"},"modified":"2022-01-04T14:48:04","modified_gmt":"2022-01-04T17:48:04","slug":"anp-compra-direta-de-biodiesel-supera-demanda-prevista-para-bimestre","status":"publish","type":"post","link":"https:\/\/diarioregionaldigital.com.br\/?p=193217","title":{"rendered":"ANP: compra direta de biodiesel supera demanda prevista para bimestre"},"content":{"rendered":"<p>A Ag\u00eancia Nacional do Petr\u00f3leo, G\u00e1s Natural e Biocombust\u00edveis (ANP) informou, nesta segunda-feira (3), que os contratos feitos por distribuidores de combust\u00edveis com produtores de biodiesel totalizaram 1,3 bilh\u00e3o de litros desse produto para o abastecimento no primeiro bimestre deste ano. O volume contratado \u00e9 cerca de 50% superior \u00e0 demanda estimada de biodiesel para o per\u00edodo e objetiva o atendimento do percentual de mistura obrigat\u00f3ria ao \u00f3leo diesel.<img decoding=\"async\" src=\"https:\/\/agenciabrasil.ebc.com.br\/ebc.png?id=1435073&amp;o=node\" \/><img decoding=\"async\" src=\"https:\/\/agenciabrasil.ebc.com.br\/ebc.gif?id=1435073&amp;o=node\" \/><\/p>\n<p>A comercializa\u00e7\u00e3o foi feita no novo modelo, implementado no dia 1\u00ba de janeiro, atendendo \u00e0 Resolu\u00e7\u00e3o n\u00ba 14\/2020 do Conselho Nacional de Pesquisa Energ\u00e9tica, e regulamentado pela Resolu\u00e7\u00e3o ANP n\u00b0 857\/2021. O novo formato estabelece que os distribuidores contratem e comprem o produto diretamente dos produtores, em substitui\u00e7\u00e3o aos leil\u00f5es de biodiesel.<\/p>\n<p>Segundo a ANP, os contratos de fornecimento de biodiesel foram informados e validados com sucesso pelos distribuidores de combust\u00edveis e produtores, por meio de sistema desenvolvido pela ag\u00eancia, denominado SRD-Biodiesel.<\/p>\n<p>\u201cA contrata\u00e7\u00e3o acima da demanda estimada demonstra o sucesso do novo modelo de comercializa\u00e7\u00e3o j\u00e1 no primeiro bimestre de sua vig\u00eancia, com a ades\u00e3o maci\u00e7a dos distribuidores de combust\u00edveis e dos produtores, garantindo o abastecimento ao consumidor final em todo o territ\u00f3rio nacional\u201d, diz a ANP.<\/p>\n<p><span style=\"font-weight: 400;\">Fonte: Ag\u00eancia Brasil\u00a0<\/span><span style=\"font-weight: 400;\"><br \/>\n<\/span><\/p>\n","protected":false},"excerpt":{"rendered":"<p>A Ag\u00eancia Nacional do Petr\u00f3leo, G\u00e1s Natural e Biocombust\u00edveis (ANP) informou, nesta segunda-feira (3), que os contratos feitos por distribuidores de combust\u00edveis com produtores de biodiesel totalizaram 1,3 bilh\u00e3o de litros desse produto para o abastecimento no primeiro bimestre deste ano. O volume contratado \u00e9 cerca de 50% superior \u00e0 demanda estimada de biodiesel para [&hellip;]<\/p>\n","protected":false},"author":246,"featured_media":193218,"comment_status":"closed","ping_status":"closed","sticky":false,"template":"","format":"standard","meta":{"footnotes":""},"categories":[436,261,439],"tags":[],"class_list":["post-193217","post","type-post","status-publish","format-standard","has-post-thumbnail","hentry","category-destaque-da-semana","category-economia","category-ultima-hora"],"_links":{"self":[{"href":"https:\/\/diarioregionaldigital.com.br\/index.php?rest_route=\/wp\/v2\/posts\/193217","targetHints":{"allow":["GET"]}}],"collection":[{"href":"https:\/\/diarioregionaldigital.com.br\/index.php?rest_route=\/wp\/v2\/posts"}],"about":[{"href":"https:\/\/diarioregionaldigital.com.br\/index.php?rest_route=\/wp\/v2\/types\/post"}],"author":[{"embeddable":true,"href":"https:\/\/diarioregionaldigital.com.br\/index.php?rest_route=\/wp\/v2\/users\/246"}],"replies":[{"embeddable":true,"href":"https:\/\/diarioregionaldigital.com.br\/index.php?rest_route=%2Fwp%2Fv2%2Fcomments&post=193217"}],"version-history":[{"count":1,"href":"https:\/\/diarioregionaldigital.com.br\/index.php?rest_route=\/wp\/v2\/posts\/193217\/revisions"}],"predecessor-version":[{"id":193219,"href":"https:\/\/diarioregionaldigital.com.br\/index.php?rest_route=\/wp\/v2\/posts\/193217\/revisions\/193219"}],"wp:featuredmedia":[{"embeddable":true,"href":"https:\/\/diarioregionaldigital.com.br\/index.php?rest_route=\/wp\/v2\/media\/193218"}],"wp:attachment":[{"href":"https:\/\/diarioregionaldigital.com.br\/index.php?rest_route=%2Fwp%2Fv2%2Fmedia&parent=193217"}],"wp:term":[{"taxonomy":"category","embeddable":true,"href":"https:\/\/diarioregionaldigital.com.br\/index.php?rest_route=%2Fwp%2Fv2%2Fcategories&post=193217"},{"taxonomy":"post_tag","embeddable":true,"href":"https:\/\/diarioregionaldigital.com.br\/index.php?rest_route=%2Fwp%2Fv2%2Ftags&post=193217"}],"curies":[{"name":"wp","href":"https:\/\/api.w.org\/{rel}","templated":true}]}}